{"id":13919,"date":"2020-12-18T13:01:02","date_gmt":"2020-12-18T12:01:02","guid":{"rendered":"http:\/\/slivnica.splet.arnes.si\/?p=13919"},"modified":"2020-12-18T13:01:02","modified_gmt":"2020-12-18T12:01:02","slug":"izposoja-knjig-v-predpraznicnem-tednu-bo-v-torek-22-decembra","status":"publish","type":"post","link":"https:\/\/www.os-slivnica.si\/?p=13919","title":{"rendered":"Izposoja knjig v predprazni\u010dnem tednu bo v torek, 22. decembra"},"content":{"rendered":"<p>Pribli\u017eujejo se prazniki. Letos bodo druga\u010dni kot druga leta. Morda boste med njimi na\u0161li tudi \u010das za branje. \u010ce potrebujete kak\u0161no zanimivo knjigo, izkoristite zadnjo mo\u017enost izposoje knjig iz \u0161olske knji\u017enice \u0161e v tem letu. Zaradi praznikov bo izposoja izjemoma v torek, 22. decembra, ves \u010das med 9.00 in 17.00.<\/p>\n<p>Prijazno vabljeni v knji\u017enico in v svet branja, knji\u017eni\u010darka<\/p>\n","protected":false},"excerpt":{"rendered":"<p>Pribli\u017eujejo se prazniki. Letos bodo druga\u010dni kot druga leta. Morda boste med njimi na\u0161li tudi \u010das za branje. \u010ce potrebujete kak\u0161no zanimivo knjigo, izkoristite zadnjo mo\u017enost izposoje knjig iz \u0161olske knji\u017enice \u0161e v tem letu. Zaradi praznikov bo izposoja izjemoma v torek, 22. decembra, ves \u010das med 9.00 in 17.00. Prijazno vabljeni v knji\u017enico in [&hellip;]<\/p>\n","protected":false},"author":4050,"featured_media":0,"comment_status":"closed","ping_status":"closed","sticky":false,"template":"","format":"standard","meta":{"_et_pb_use_builder":"","_et_pb_old_content":"","_et_gb_content_width":"","ngg_post_thumbnail":0,"footnotes":"","_expiration-date-status":"","_expiration-date":0,"_expiration-date-type":"","_expiration-date-categories":[],"_expiration-date-options":[]},"categories":[9],"tags":[],"class_list":["post-13919","post","type-post","status-publish","format-standard","hentry","category-aktualno","et-doesnt-have-format-content","et_post_format-et-post-format-standard"],"_links":{"self":[{"href":"https:\/\/www.os-slivnica.si\/index.php?rest_route=\/wp\/v2\/posts\/13919","targetHints":{"allow":["GET"]}}],"collection":[{"href":"https:\/\/www.os-slivnica.si\/index.php?rest_route=\/wp\/v2\/posts"}],"about":[{"href":"https:\/\/www.os-slivnica.si\/index.php?rest_route=\/wp\/v2\/types\/post"}],"author":[{"embeddable":true,"href":"https:\/\/www.os-slivnica.si\/index.php?rest_route=\/wp\/v2\/users\/4050"}],"replies":[{"embeddable":true,"href":"https:\/\/www.os-slivnica.si\/index.php?rest_route=%2Fwp%2Fv2%2Fcomments&post=13919"}],"version-history":[{"count":1,"href":"https:\/\/www.os-slivnica.si\/index.php?rest_route=\/wp\/v2\/posts\/13919\/revisions"}],"predecessor-version":[{"id":13921,"href":"https:\/\/www.os-slivnica.si\/index.php?rest_route=\/wp\/v2\/posts\/13919\/revisions\/13921"}],"wp:attachment":[{"href":"https:\/\/www.os-slivnica.si\/index.php?rest_route=%2Fwp%2Fv2%2Fmedia&parent=13919"}],"wp:term":[{"taxonomy":"category","embeddable":true,"href":"https:\/\/www.os-slivnica.si\/index.php?rest_route=%2Fwp%2Fv2%2Fcategories&post=13919"},{"taxonomy":"post_tag","embeddable":true,"href":"https:\/\/www.os-slivnica.si\/index.php?rest_route=%2Fwp%2Fv2%2Ftags&post=13919"}],"curies":[{"name":"wp","href":"https:\/\/api.w.org\/{rel}","templated":true}]}}