{"id":13907,"date":"2020-12-17T12:07:45","date_gmt":"2020-12-17T11:07:45","guid":{"rendered":"http:\/\/slivnica.splet.arnes.si\/?p=13907"},"modified":"2020-12-17T12:08:46","modified_gmt":"2020-12-17T11:08:46","slug":"solski-plesni-festival-v-gorici","status":"publish","type":"post","link":"https:\/\/www.os-slivnica.si\/?p=13907","title":{"rendered":"\u0160olski plesni festival v Gorici"},"content":{"rendered":"<div><strong><span style=\"color: #3366ff\">Pozdravljeni,<\/span><\/strong><\/div>\n<div><\/div>\n<div><span style=\"color: #3366ff\">tudi v leto\u0161njem \u0161olskem letu bomo na na\u0161i \u0161oli sodelovali v projektu \u0160olski plesni festival, Plesne zveze Slovenije. Prijavite se lahko vsi od 1.- 9. razreda, tako dekleta kot tudi fantje. Plesali bomo na daljavo in v \u0161oli, takoj ko se vrnemo nazaj.<\/span><\/div>\n<div><\/div>\n<div><span style=\"color: #3366ff\">Prijavite se lahko \u017ee danes na elektronska naslova:<\/span><\/div>\n<div><strong><span style=\"color: #3366ff\">&#8211; u\u010denci in u\u010denke od 1.- 3. razreda : renata.krajnc@slivnica.si <\/span><\/strong><\/div>\n<div><strong><span style=\"color: #3366ff\">&#8211; u\u010denci in u\u010denke od 4.- 9. razreda: natasa.cede@slivnica.si\u00a0<\/span><\/strong><\/div>\n<div><\/div>\n<div><span style=\"color: #3366ff\">Prav tako bomo \u0161e naprej sodelovali s Plesno \u0161olo TBA, ki so za vas pripravili spodnje obvestilo in \u017ee nekaj plesnih koreografij. Hkrati vas vabijo, da se jim pridru\u017eite pri plesnih treningih, ki bodo potekali preko spleta v \u017eivo.<\/span><\/div>\n<div><\/div>\n<div><strong><span style=\"color: #3366ff\">Prijazno vabljeni, da skupaj zaple\u0161emo in se poveselimo.<\/span><\/strong><\/div>\n<div><span style=\"color: #3366ff\">U\u010diteljici Renata in Nata\u0161a<\/span><\/div>\n<div><\/div>\n<div><\/div>\n<div><\/div>\n<div><img loading=\"lazy\" decoding=\"async\" class=\"\" src=\"https:\/\/mail.google.com\/mail\/u\/1?ui=2&amp;ik=1f25e54437&amp;attid=0.1.1&amp;permmsgid=msg-f:1686246184049375247&amp;th=1766bff8641ef80f&amp;view=fimg&amp;sz=s0-l75-ft&amp;attbid=ANGjdJ_uD76sMVIF8a3IbHXIbYgwXCsA_f63H5OUx54DVQOEIoHMvlB2pxx9UFD42wLU-UBiXijwC5rCS3DPHAzVIjLWfs3aosJib7egySwr8klh7Y6dZi2z37XC6nw&amp;disp=emb\" width=\"89\" height=\"88\" \/><\/div>\n<div><span style=\"color: #000000\">Pozdravljeni,<\/span><\/div>\n<div><span style=\"color: #000000\">izjemno smo veseli, da bomo skupaj sko\u010dili v projekt \u0160PF, tokrat malo druga\u010de.\u00a0<\/span><\/div>\n<div><\/div>\n<div><b><span style=\"color: #b51a00\">Za decembrsko ogrevanje lahko zaple\u0161ete na prazni\u010den posnetek koreografije Sleigh Ride z na\u0161im Pilijem &#8211; Bo\u0161tjanom Pav\u010dkom<\/span><\/b>:\u00a0<a href=\"https:\/\/youtu.be\/A35USowKQjk\" target=\"_blank\" rel=\"noopener noreferrer\" data-saferedirecturl=\"https:\/\/www.google.com\/url?q=https:\/\/youtu.be\/A35USowKQjk&amp;source=gmail&amp;ust=1608288534640000&amp;usg=AFQjCNENr73pp2M1qJbLCvOj5ArmtLI68g\">https:\/\/youtu.be\/A35USowKQjk<\/a>. Te\u017eavnost je za 2. in 3. triado.<\/div>\n<div><\/div>\n<div><b>Za prvo\u0161ol\u010dke (lahko tudi v vrtce) si lahko ogledate na\u0161e posnetek MINI ONLINE, kjer si plesne vsebine za otroke 3-7 let: <\/b><a href=\"https:\/\/www.youtube.com\/playlist?list=PLcHPyOaw_30HXIys18l82c62n8sAdOEQ1\" target=\"_blank\" rel=\"noopener noreferrer\" data-saferedirecturl=\"https:\/\/www.google.com\/url?q=https:\/\/www.youtube.com\/playlist?list%3DPLcHPyOaw_30HXIys18l82c62n8sAdOEQ1&amp;source=gmail&amp;ust=1608288534640000&amp;usg=AFQjCNGePm-kOywQOJHtaoBbZpBci9qjSA\">https:\/\/www.youtube.com\/playlist?list=PLcHPyOaw_30HXIys18l82c62n8sAdOEQ1<\/a>.<\/div>\n<div><b><span style=\"color: #e32400\">Trenutno najbolj aktualen posnetek Delamo sne\u017eaka<\/span><\/b>:\u00a0<a href=\"https:\/\/youtu.be\/gCa5KxVo7F4\" target=\"_blank\" rel=\"noopener noreferrer\" data-saferedirecturl=\"https:\/\/www.google.com\/url?q=https:\/\/youtu.be\/gCa5KxVo7F4&amp;source=gmail&amp;ust=1608288534640000&amp;usg=AFQjCNH8JP8TFAkDbtDaIwRWzpilXCByHQ\">https:\/\/youtu.be\/gCa5KxVo7F4<\/a><\/div>\n<div><\/div>\n<div><\/div>\n<div><i><b>Posredujemo vam tudi na\u0161o predbo\u017ei\u010dno vikend akcijo, na katero ste vabljeni vsi plesalci.\u00a0<\/b><\/i><\/div>\n<div><\/div>\n<div>\n<div>\n<p><i>Dragi plesalci, ta vikend skupaj zaple\u0161emo in se razmigamo &#8211; PRIDRU\u017dITE SE NAM!<\/i><\/p>\n<div><i>\u00a0<\/i><\/div>\n<div><i><b>To soboto, 19. 12.<\/b>, bomo plesno stopili v zadnji, predbo\u017ei\u010dni teden in vabimo te, da se nam pridru\u017ei\u0161! Izvedli bomo kar 4 brezpla\u010dne treninge (2x HIP HOP\u00a0+ 2x JAZZ). Treningi bodo potekali preko\u00a0<b>LIVE INSTAGRAM video<\/b>, tako, da se nam po urniku pridru\u017eite na<b>\u00a0<span style=\"color: #ff0000\"><a href=\"http:\/\/instagram.com\/tba.plesnicenter\" target=\"_blank\" rel=\"noopener noreferrer\" data-saferedirecturl=\"https:\/\/www.google.com\/url?q=http:\/\/instagram.com\/tba.plesnicenter&amp;source=gmail&amp;ust=1608288534640000&amp;usg=AFQjCNHtu-7HvT4QEJ6OVrRRTFJ0hr9RXQ\">instagram.com\/tba.plesnicenter<\/a><\/span><\/b>!<\/i><\/div>\n<div><i>15.00-16.00 &#8211; HIP HOP s Saro (la\u017eji)<\/i><\/div>\n<div><i>16.00.17.00 &#8211; HIP HOP s Tja\u0161o (te\u017eji)<\/i><\/div>\n<div><i>17.30.-18.30 &#8211; JAZZ z Manco (la\u017eji)<br \/>\n<\/i><\/div>\n<div><i>18.30-19.30 &#8211; JAZZ z Nijo (te\u017eji)<\/i><\/div>\n<div><i>\u00a0<\/i><\/div>\n<div><i><b>V nedeljo, 20. 12<\/b>., bo ob 9.00 poteka JUTRANJA YOGA z Manco primerna za otroke in star\u0161e na ZOOM povezavi:\u00a0\u00a0<b><span style=\"color: #0432ff\"><a href=\"https:\/\/us02web.zoom.us\/j\/81470059460?pwd=VE9IUmxNbWJnYUJPSDVJY2dPRi9Qdz09\" target=\"_blank\" rel=\"noopener noreferrer\" data-saferedirecturl=\"https:\/\/www.google.com\/url?q=https:\/\/us02web.zoom.us\/j\/81470059460?pwd%3DVE9IUmxNbWJnYUJPSDVJY2dPRi9Qdz09&amp;source=gmail&amp;ust=1608288534640000&amp;usg=AFQjCNEivtsSneZZRiNEO29Z-bCjqJMgug\">https:\/\/us02web.zoom.us\/j\/81470059460?pwd=VE9IUmxNbWJnYUJPSDVJY2dPRi9Qdz09<\/a><\/span><\/b><\/i>.<\/div>\n<div><i>\u00a0<\/i><\/div>\n<div><i>Predhodne prijave niso potrebe. Vsebine so brezpla\u010dne. Se vidimo!<\/i><\/div>\n<\/div>\n<\/div>\n<div><\/div>\n<div>\n<div>\n<p>Lep plesni pozdrav!<\/p>\n<p>Spremljajte nas na:<\/p>\n<\/div>\n<div><a href=\"http:\/\/facebook.com\/TBAplesnicenter\" target=\"_blank\" rel=\"noopener noreferrer\" data-saferedirecturl=\"https:\/\/www.google.com\/url?q=http:\/\/facebook.com\/TBAplesnicenter&amp;source=gmail&amp;ust=1608288534640000&amp;usg=AFQjCNFh903gTaZoy7YaWNNwtygsjT2LBA\">facebook.com\/TBAplesnicenter<\/a><br \/>\n<a href=\"http:\/\/instagram.com\/tba.plesnicenter\" target=\"_blank\" rel=\"noopener noreferrer\" data-saferedirecturl=\"https:\/\/www.google.com\/url?q=http:\/\/instagram.com\/tba.plesnicenter&amp;source=gmail&amp;ust=1608288534640000&amp;usg=AFQjCNHtu-7HvT4QEJ6OVrRRTFJ0hr9RXQ\">instagram.com\/tba.plesnicenter<\/a><br \/>\n<a href=\"http:\/\/youtube.com\/c\/plesnicentertba\" target=\"_blank\" rel=\"noopener noreferrer\" data-saferedirecturl=\"https:\/\/www.google.com\/url?q=http:\/\/youtube.com\/c\/plesnicentertba&amp;source=gmail&amp;ust=1608288534640000&amp;usg=AFQjCNEjRXlUpwWjGvcqsbMl2mPWKQZizA\">youtube.com\/c\/plesnicentertba<\/a><br \/>\n<a href=\"http:\/\/www.tba-plesnicenter.si\/\" target=\"_blank\" rel=\"noopener noreferrer\" data-saferedirecturl=\"https:\/\/www.google.com\/url?q=http:\/\/www.tba-plesnicenter.si&amp;source=gmail&amp;ust=1608288534640000&amp;usg=AFQjCNGWlPdduHVTn-x4UuaJzd3uAN-FEw\">www.tba-plesnicenter.si \u00a0<\/a><\/div>\n<div>Plesni center TBA<br \/>\n<a href=\"mailto:tba.plesnicenter@gmail.com\" target=\"_blank\" rel=\"noopener noreferrer\">tba.plesnicenter@gmail.com<\/a><\/div>\n<div>041 767 342<\/div>\n<div><\/div>\n<\/div>\n","protected":false},"excerpt":{"rendered":"<p>Pozdravljeni, tudi v leto\u0161njem \u0161olskem letu bomo na na\u0161i \u0161oli sodelovali v projektu \u0160olski plesni festival, Plesne zveze Slovenije. Prijavite se lahko vsi od 1.- 9. razreda, tako dekleta kot tudi fantje. Plesali bomo na daljavo in v \u0161oli, takoj ko se vrnemo nazaj. Prijavite se lahko \u017ee danes na elektronska naslova: &#8211; u\u010denci in [&hellip;]<\/p>\n","protected":false},"author":5704,"featured_media":0,"comment_status":"closed","ping_status":"closed","sticky":false,"template":"","format":"standard","meta":{"_et_pb_use_builder":"","_et_pb_old_content":"","_et_gb_content_width":"","ngg_post_thumbnail":0,"footnotes":"","_expiration-date-status":"","_expiration-date":0,"_expiration-date-type":"","_expiration-date-categories":[],"_expiration-date-options":[]},"categories":[9],"tags":[],"class_list":["post-13907","post","type-post","status-publish","format-standard","hentry","category-aktualno","et-doesnt-have-format-content","et_post_format-et-post-format-standard"],"_links":{"self":[{"href":"https:\/\/www.os-slivnica.si\/index.php?rest_route=\/wp\/v2\/posts\/13907","targetHints":{"allow":["GET"]}}],"collection":[{"href":"https:\/\/www.os-slivnica.si\/index.php?rest_route=\/wp\/v2\/posts"}],"about":[{"href":"https:\/\/www.os-slivnica.si\/index.php?rest_route=\/wp\/v2\/types\/post"}],"author":[{"embeddable":true,"href":"https:\/\/www.os-slivnica.si\/index.php?rest_route=\/wp\/v2\/users\/5704"}],"replies":[{"embeddable":true,"href":"https:\/\/www.os-slivnica.si\/index.php?rest_route=%2Fwp%2Fv2%2Fcomments&post=13907"}],"version-history":[{"count":4,"href":"https:\/\/www.os-slivnica.si\/index.php?rest_route=\/wp\/v2\/posts\/13907\/revisions"}],"predecessor-version":[{"id":13915,"href":"https:\/\/www.os-slivnica.si\/index.php?rest_route=\/wp\/v2\/posts\/13907\/revisions\/13915"}],"wp:attachment":[{"href":"https:\/\/www.os-slivnica.si\/index.php?rest_route=%2Fwp%2Fv2%2Fmedia&parent=13907"}],"wp:term":[{"taxonomy":"category","embeddable":true,"href":"https:\/\/www.os-slivnica.si\/index.php?rest_route=%2Fwp%2Fv2%2Fcategories&post=13907"},{"taxonomy":"post_tag","embeddable":true,"href":"https:\/\/www.os-slivnica.si\/index.php?rest_route=%2Fwp%2Fv2%2Ftags&post=13907"}],"curies":[{"name":"wp","href":"https:\/\/api.w.org\/{rel}","templated":true}]}}