{"id":1377,"date":"2016-02-05T08:44:35","date_gmt":"2016-02-05T07:44:35","guid":{"rendered":"http:\/\/slivnica.splet.arnes.si\/?p=1377"},"modified":"2016-02-11T11:19:23","modified_gmt":"2016-02-11T10:19:23","slug":"ob-presernovem-dnevu","status":"publish","type":"post","link":"https:\/\/www.os-slivnica.si\/?p=1377","title":{"rendered":"Ob Pre\u0161ernovem dnevu"},"content":{"rendered":"<p>Bli\u017eajo\u010di se <span style=\"color: #800000\">kulturni praznik<\/span> smo na P\u0160 Loka po\u010dastili s kulturnim programom, v katerem smo prisluhnili himni, spoznali \u017eivljenje in delo na\u0161ega najve\u010djega pesnika, deklamirali in recitirali njegove pesmi, zaplesali, zaklju\u010dili pa smo ga s petjem himne pevskega zbora.<\/p>\nngg_shortcode_0_placeholder\n<p>&nbsp;<\/p>\n","protected":false},"excerpt":{"rendered":"<p>Bli\u017eajo\u010di se kulturni praznik smo na P\u0160 Loka po\u010dastili s kulturnim programom, v katerem smo prisluhnili himni, spoznali \u017eivljenje in delo na\u0161ega najve\u010djega pesnika, deklamirali in recitirali njegove pesmi, zaplesali, zaklju\u010dili pa smo ga s petjem himne pevskega zbora. &nbsp;<\/p>\n","protected":false},"author":5997,"featured_media":0,"comment_status":"closed","ping_status":"closed","sticky":false,"template":"","format":"standard","meta":{"_et_pb_use_builder":"","_et_pb_old_content":"","_et_gb_content_width":"","ngg_post_thumbnail":0,"footnotes":"","_expiration-date-status":"","_expiration-date":0,"_expiration-date-type":"","_expiration-date-categories":[],"_expiration-date-options":[]},"categories":[10],"tags":[],"class_list":["post-1377","post","type-post","status-publish","format-standard","hentry","category-ps-loka","et-doesnt-have-format-content","et_post_format-et-post-format-standard"],"_links":{"self":[{"href":"https:\/\/www.os-slivnica.si\/index.php?rest_route=\/wp\/v2\/posts\/1377","targetHints":{"allow":["GET"]}}],"collection":[{"href":"https:\/\/www.os-slivnica.si\/index.php?rest_route=\/wp\/v2\/posts"}],"about":[{"href":"https:\/\/www.os-slivnica.si\/index.php?rest_route=\/wp\/v2\/types\/post"}],"author":[{"embeddable":true,"href":"https:\/\/www.os-slivnica.si\/index.php?rest_route=\/wp\/v2\/users\/5997"}],"replies":[{"embeddable":true,"href":"https:\/\/www.os-slivnica.si\/index.php?rest_route=%2Fwp%2Fv2%2Fcomments&post=1377"}],"version-history":[{"count":8,"href":"https:\/\/www.os-slivnica.si\/index.php?rest_route=\/wp\/v2\/posts\/1377\/revisions"}],"predecessor-version":[{"id":1414,"href":"https:\/\/www.os-slivnica.si\/index.php?rest_route=\/wp\/v2\/posts\/1377\/revisions\/1414"}],"wp:attachment":[{"href":"https:\/\/www.os-slivnica.si\/index.php?rest_route=%2Fwp%2Fv2%2Fmedia&parent=1377"}],"wp:term":[{"taxonomy":"category","embeddable":true,"href":"https:\/\/www.os-slivnica.si\/index.php?rest_route=%2Fwp%2Fv2%2Fcategories&post=1377"},{"taxonomy":"post_tag","embeddable":true,"href":"https:\/\/www.os-slivnica.si\/index.php?rest_route=%2Fwp%2Fv2%2Ftags&post=1377"}],"curies":[{"name":"wp","href":"https:\/\/api.w.org\/{rel}","templated":true}]}}