{"id":13613,"date":"2021-02-16T12:00:00","date_gmt":"2021-02-16T11:00:00","guid":{"rendered":"http:\/\/slivnica.splet.arnes.si\/?p=13613"},"modified":"2021-02-16T16:41:13","modified_gmt":"2021-02-16T15:41:13","slug":"poziv-ministrstva-za-zdravja","status":"publish","type":"post","link":"https:\/\/www.os-slivnica.si\/?p=13613","title":{"rendered":"Poziv  Ministrstva za zdravje"},"content":{"rendered":"<p>[et_pb_section bb_built=&#8221;1&#8243;][et_pb_row][et_pb_column type=&#8221;4_4&#8243;][et_pb_text]<\/p>\n<p>Drage u\u010denke in u\u010denci, spo\u0161tovani star\u0161i!<\/p>\n<p>Minister za zdravje je na \u0161ole naslovil naslednje pismo.<\/p>\n<p>Spo\u0161tovane ravnateljice in ravnatelji, razredni\u010darke in razredniki ter strokovne delavke in strokovni delavci,<\/p>\n<p>na Ministrstvu za zdravje RS si prizadevamo za zajezitev \u0161irjenja novega korona virusa, zato je Vlada RS za za\u0161\u010dito zdravja ljudi in ohranitev delujo\u010dega zdravstvenega sistema sprejela dodatne ukrepe. Sprejeti ukrepi so nujni za obvladovanje drugega vala epidemije, da bomo ustavili eksponentno rast \u0161irjenja oku\u017eb in se lahko hitreje vrnili v relativno normalno \u017eivljenje in la\u017eje gospodarsko okrevanje. Verjamem, \u010demur pritrjuje stroka in tudi dobre prakse iz tujine.<\/p>\n<p>\u017dal pa zgolj sprejemanje ukrepov ni dovolj, potrebno je sodelovanje in zaupanje, samoza\u0161\u010ditno obna\u0161anje moramo ponotranjiti in omejiti stike. Na vas, spo\u0161tovane ravnateljice in ravnatelji, razredni\u010darke in razredniki ter strokovne delavke in strokovni delavci, ki ste v neposrednem stiku z u\u010denci, naslavljam iskreno pro\u0161njo, da nam pomagate pri obve\u0161\u010danju u\u010dencev o pomenu ukrepov, predvsem o spo\u0161tovanju omejitev socialnih stikov na \u010dlane istega gospodinjstva.\u00a0\u00a0Vsakodnevno ste v stiku z u\u010denci, zato vas prosim, da jih posku\u0161ate v \u010dasu razrednih ur in tudi druga\u010de dodatno nagovoriti, da je spo\u0161tovanje omejitev gibanja, omejitev socialnih stikov in osnovnih za\u0161\u010ditnih ukrepov nujno za za\u0161\u010dito njih samih, njihovih svojcev in drugih. V ta namen vam s sodelavci na ministrstvu posredujemo nekaj informacij, ki vam bodo morda pri tem v pomo\u010d.<\/p>\n<p>Verjamemo, da se u\u010denci in njihovi star\u0161i v zvezi z epidemijo sre\u010dujejo z razli\u010dnimi stiskami in dilemami, zato bi vas prosili tudi, da jih opozorite na mo\u017enosti, ki smo jih oblikovali na nacionalni ravni kot tudi na re\u0161itve, ki jih ponujate sami kot \u0161ola oziroma zdru\u017eenje \u0161ol, lokalna skupnost, humanitarne organizacije in drugi.<\/p>\n<p>Vsi si \u017eelimo, da bi \u010dim prej odprli \u0161ole, saj se zavedamo pomena in nujnosti pouka v \u017eivo ter dru\u017eenja s so\u0161olci in vrstniki. Vse to lahko dose\u017eemo le, \u010de bomo prav vsi spo\u0161tovali ukrepe in se obna\u0161ali odgovorno.<\/p>\n<p>S sodelovanjem, kolektivno odgovornostjo, solidarnostjo in\u00a0s spo\u0161tovanjem so\u010dloveka, njegovega zdravja in na\u010dina \u017eivljenja, tako v lokalnih skupnostih kot na nacionalni ravni, lahko naredimo ogromno. Skupaj bomo zmogli.<\/p>\n<p>V naprej hvala za pomo\u010d in ostanite zdravi.<br \/>\nToma\u017e Gantar, minister<\/p>\n<p><strong>\u00a0Povezave<\/strong><\/p>\n<p><a href=\"https:\/\/www.nijz.si\/sites\/www.nijz.si\/files\/datoteke\/dusevno_zdravje_otroci.pdf\">Kako se pogovarjati z otroki o koronavirusu SARS-COV-2 (COVID-19)?<\/a>\u00a0(letak)<\/p>\n<p><a href=\"https:\/\/www.nijz.si\/sites\/www.nijz.si\/files\/uploaded\/maske2_lektorirano.pdf\">Pravilna uporaba za\u0161\u010ditnih mask\u00a0<\/a>(Vir: Urad Vlade RS za komuniciranje)<\/p>\n<p><a href=\"https:\/\/www.nijz.si\/sites\/www.nijz.si\/files\/uploaded\/strip_kako-se-sirijo-virusi.pdf\">Kako se \u0161irijo virusi<\/a>\u00a0(strip)<\/p>\n<p><a href=\"https:\/\/www.nijz.si\/sites\/www.nijz.si\/files\/uploaded\/strip_kako-se-sirijo-virusi_a3-plakat.pdf\">Kako se \u0161irijo virusi<\/a>\u00a0(plakat)<\/p>\n<p><a href=\"https:\/\/www.nijz.si\/sites\/www.nijz.si\/files\/uploaded\/strip_umivanje_rok.pdf\">Umivanje rok<\/a><a href=\"https:\/\/www.nijz.si\/sites\/www.nijz.si\/files\/uploaded\/strip_umivanje_rok.pdf\">\u00a0<\/a>(strip)<\/p>\n<p><a href=\"https:\/\/www.nijz.si\/sites\/www.nijz.si\/files\/uploaded\/strip_umivanje_rok_plakat-a3.pdf\">Umivanje rok<\/a>\u00a0(plakat)<\/p>\n<p><a href=\"https:\/\/www.nijz.si\/sites\/www.nijz.si\/files\/uploaded\/strip_uporaba-razkuzila.pdf\">Uporaba razku\u017eila<\/a>\u00a0(strip)<\/p>\n<p><a href=\"https:\/\/www.nijz.si\/sites\/www.nijz.si\/files\/uploaded\/strip_uporaba-razkuzila_plakat-a3.pdf\">Uporaba razku\u017eila<\/a>\u00a0(plakat)<\/p>\n<p>Razku\u017eevanje rok &#8211; strip (<a href=\"https:\/\/www.nijz.si\/sites\/www.nijz.si\/files\/uploaded\/navodila_uporaba-razkuzila_trgovine_a3_p.pdf\">plakat A3 &#8211; pokon\u010dno<\/a>;\u00a0<a href=\"https:\/\/www.nijz.si\/sites\/www.nijz.si\/files\/uploaded\/navodila_uporaba-razkuzila_trgovine_a3.pdf\">plakat A3- le\u017ee\u010de<\/a>;\u00a0<a href=\"https:\/\/www.nijz.si\/sites\/www.nijz.si\/files\/uploaded\/navodila_uporaba-razkuzila_trgovine_a4_p.pdf\">plakat A4 &#8211; pokon\u010dno<\/a>;\u00a0<a href=\"https:\/\/www.nijz.si\/sites\/www.nijz.si\/files\/uploaded\/navodila_uporaba-razkuzila_trgovine_a4.pdf\">plakat A4 &#8211; le\u017ee\u010de<\/a>)<\/p>\n<p><a href=\"https:\/\/www.nijz.si\/sites\/www.nijz.si\/files\/uploaded\/strip_dejstva.pdf\">Kako lo\u010diti dejstva od izmi\u0161ljotin<\/a>\u00a0(strip)<\/p>\n<p><a href=\"https:\/\/www.nijz.si\/sites\/www.nijz.si\/files\/uploaded\/strip_dejstva_plakat-a3.pdf\">Kako lo\u010diti dejstva od izmi\u0161ljotin<\/a>\u00a0(plakat)<\/p>\n<p><a href=\"https:\/\/www.nijz.si\/sites\/www.nijz.si\/files\/uploaded\/umivanje_rok_je_izr_1.mp4\">Umivanje rok<\/a>\u00a0\u00a0<a href=\"https:\/\/www.youtube.com\/watch?v=5DcICH59Em8\">(YouTube)<\/a><\/p>\n<p><a href=\"https:\/\/www.nijz.si\/sites\/www.nijz.si\/files\/uploaded\/kaselj_lezece.mp4\">Higiena ka\u0161lja<\/a>\u00a0<a href=\"https:\/\/youtu.be\/_NGzfUFGinc\">(YouTube)<\/a><\/p>\n<p><a href=\"https:\/\/www.youtube.com\/watch?v=f3zDz88SE-I\">Pravilna namestitev za\u0161\u010ditne obrazne maske<\/a>\u00a0(vir: UKC LJ)<\/p>\n<p><a href=\"https:\/\/www.nijz.si\/sites\/www.nijz.si\/files\/uploaded\/video_korona_trim_.mp4\">Stopnje tveganja oku\u017ebe s COVID-19 ob posameznih aktivnostih in krajih<\/a>\u00a0(Vir: Urad Vlade RS za komuniciranje)<\/p>\n<p>Vir: <a href=\"https:\/\/www.nijz.si\/sl\/koronavirus-sars-cov-2-gradiva\">https:\/\/www.nijz.si\/sl\/koronavirus-sars-cov-2-gradiva<\/a><\/p>\n<p>Ravnateljica Marjeta Ko\u0161ak<\/p>\n<p>[\/et_pb_text][\/et_pb_column][\/et_pb_row][\/et_pb_section]<\/p>\n","protected":false},"excerpt":{"rendered":"<p><div class=\"et_pb_row et_pb_row_0 et_pb_row_empty\">\n\t\t\t\t\n\t\t\t\t\n\t\t\t\t\n\t\t\t\t\n\t\t\t\t\n\t\t\t<\/div><div class=\"et_pb_module et_pb_text et_pb_text_0  et_pb_text_align_left et_pb_bg_layout_light\">\n\t\t\t\t\n\t\t\t\t\n\t\t\t\t\n\t\t\t\t\n\t\t\t\t\n\t\t\t<\/div> Drage u\u010denke in u\u010denci, spo\u0161tovani star\u0161i! Minister za zdravje je na \u0161ole naslovil naslednje pismo. Spo\u0161tovane ravnateljice in ravnatelji, razredni\u010darke in razredniki ter strokovne delavke in strokovni delavci, na Ministrstvu za zdravje RS si prizadevamo za zajezitev \u0161irjenja novega korona virusa, zato je Vlada RS za za\u0161\u010dito zdravja ljudi in ohranitev delujo\u010dega zdravstvenega sistema [&hellip;]<\/p>\n","protected":false},"author":5705,"featured_media":0,"comment_status":"closed","ping_status":"closed","sticky":false,"template":"","format":"standard","meta":{"_et_pb_use_builder":"on","_et_pb_old_content":"<p>Drage u\u010denke in u\u010denci, spo\u0161tovani star\u0161i!<\/p><p>Minister za zdravje je na \u0161ole naslovil naslednje pismo.<\/p><p>Spo\u0161tovane ravnateljice in ravnatelji, razredni\u010darke in razredniki ter strokovne delavke in strokovni delavci,<\/p><p>na Ministrstvu za zdravje RS si prizadevamo za zajezitev \u0161irjenja novega korona virusa, zato je Vlada RS za za\u0161\u010dito zdravja ljudi in ohranitev delujo\u010dega zdravstvenega sistema sprejela dodatne ukrepe. Sprejeti ukrepi so nujni za obvladovanje drugega vala epidemije, da bomo ustavili eksponentno rast \u0161irjenja oku\u017eb in se lahko hitreje vrnili v relativno normalno \u017eivljenje in la\u017eje gospodarsko okrevanje. Verjamem, \u010demur pritrjuje stroka in tudi dobre prakse iz tujine.<\/p><p>\u017dal pa zgolj sprejemanje ukrepov ni dovolj, potrebno je sodelovanje in zaupanje, samoza\u0161\u010ditno obna\u0161anje moramo ponotranjiti in omejiti stike. Na vas, spo\u0161tovane ravnateljice in ravnatelji, razredni\u010darke in razredniki ter strokovne delavke in strokovni delavci, ki ste v neposrednem stiku z u\u010denci, naslavljam iskreno pro\u0161njo, da nam pomagate pri obve\u0161\u010danju u\u010dencev o pomenu ukrepov, predvsem o spo\u0161tovanju omejitev socialnih stikov na \u010dlane istega gospodinjstva.\u00a0\u00a0Vsakodnevno ste v stiku z u\u010denci, zato vas prosim, da jih posku\u0161ate v \u010dasu razrednih ur in tudi druga\u010de dodatno nagovoriti, da je spo\u0161tovanje omejitev gibanja, omejitev socialnih stikov in osnovnih za\u0161\u010ditnih ukrepov nujno za za\u0161\u010dito njih samih, njihovih svojcev in drugih. V ta namen vam s sodelavci na ministrstvu posredujemo nekaj informacij, ki vam bodo morda pri tem v pomo\u010d.<\/p><p>Verjamemo, da se u\u010denci in njihovi star\u0161i v zvezi z epidemijo sre\u010dujejo z razli\u010dnimi stiskami in dilemami, zato bi vas prosili tudi, da jih opozorite na mo\u017enosti, ki smo jih oblikovali na nacionalni ravni kot tudi na re\u0161itve, ki jih ponujate sami kot \u0161ola oziroma zdru\u017eenje \u0161ol, lokalna skupnost, humanitarne organizacije in drugi.<\/p><p>Vsi si \u017eelimo, da bi \u010dim prej odprli \u0161ole, saj se zavedamo pomena in nujnosti pouka v \u017eivo ter dru\u017eenja s so\u0161olci in vrstniki. Vse to lahko dose\u017eemo le, \u010de bomo prav vsi spo\u0161tovali ukrepe in se obna\u0161ali odgovorno.<\/p><p>S sodelovanjem, kolektivno odgovornostjo, solidarnostjo in\u00a0s spo\u0161tovanjem so\u010dloveka, njegovega zdravja in na\u010dina \u017eivljenja, tako v lokalnih skupnostih kot na nacionalni ravni, lahko naredimo ogromno. Skupaj bomo zmogli.<\/p><p>V naprej hvala za pomo\u010d in ostanite zdravi.<br \/>Toma\u017e Gantar, minister<\/p><p><strong>\u00a0Povezave<\/strong><\/p><p><a href=\"https:\/\/www.nijz.si\/sites\/www.nijz.si\/files\/datoteke\/dusevno_zdravje_otroci.pdf\">Kako se pogovarjati z otroki o koronavirusu SARS-COV-2 (COVID-19)?<\/a>\u00a0(letak)<\/p><p><a href=\"https:\/\/www.nijz.si\/sites\/www.nijz.si\/files\/uploaded\/maske2_lektorirano.pdf\">Pravilna uporaba za\u0161\u010ditnih mask\u00a0<\/a>(Vir: Urad Vlade RS za komuniciranje)<\/p><p><a href=\"https:\/\/www.nijz.si\/sites\/www.nijz.si\/files\/uploaded\/strip_kako-se-sirijo-virusi.pdf\">Kako se \u0161irijo virusi<\/a>\u00a0(strip)<\/p><p><a href=\"https:\/\/www.nijz.si\/sites\/www.nijz.si\/files\/uploaded\/strip_kako-se-sirijo-virusi_a3-plakat.pdf\">Kako se \u0161irijo virusi<\/a>\u00a0(plakat)<\/p><p><a href=\"https:\/\/www.nijz.si\/sites\/www.nijz.si\/files\/uploaded\/strip_umivanje_rok.pdf\">Umivanje rok<\/a><a href=\"https:\/\/www.nijz.si\/sites\/www.nijz.si\/files\/uploaded\/strip_umivanje_rok.pdf\">\u00a0<\/a>(strip)<\/p><p><a href=\"https:\/\/www.nijz.si\/sites\/www.nijz.si\/files\/uploaded\/strip_umivanje_rok_plakat-a3.pdf\">Umivanje rok<\/a>\u00a0(plakat)<\/p><p><a href=\"https:\/\/www.nijz.si\/sites\/www.nijz.si\/files\/uploaded\/strip_uporaba-razkuzila.pdf\">Uporaba razku\u017eila<\/a>\u00a0(strip)<\/p><p><a href=\"https:\/\/www.nijz.si\/sites\/www.nijz.si\/files\/uploaded\/strip_uporaba-razkuzila_plakat-a3.pdf\">Uporaba razku\u017eila<\/a>\u00a0(plakat)<\/p><p>Razku\u017eevanje rok - strip (<a href=\"https:\/\/www.nijz.si\/sites\/www.nijz.si\/files\/uploaded\/navodila_uporaba-razkuzila_trgovine_a3_p.pdf\">plakat A3 - pokon\u010dno<\/a>;\u00a0<a href=\"https:\/\/www.nijz.si\/sites\/www.nijz.si\/files\/uploaded\/navodila_uporaba-razkuzila_trgovine_a3.pdf\">plakat A3- le\u017ee\u010de<\/a>;\u00a0<a href=\"https:\/\/www.nijz.si\/sites\/www.nijz.si\/files\/uploaded\/navodila_uporaba-razkuzila_trgovine_a4_p.pdf\">plakat A4 - pokon\u010dno<\/a>;\u00a0<a href=\"https:\/\/www.nijz.si\/sites\/www.nijz.si\/files\/uploaded\/navodila_uporaba-razkuzila_trgovine_a4.pdf\">plakat A4 - le\u017ee\u010de<\/a>)<\/p><p><a href=\"https:\/\/www.nijz.si\/sites\/www.nijz.si\/files\/uploaded\/strip_dejstva.pdf\">Kako lo\u010diti dejstva od izmi\u0161ljotin<\/a>\u00a0(strip)<\/p><p><a href=\"https:\/\/www.nijz.si\/sites\/www.nijz.si\/files\/uploaded\/strip_dejstva_plakat-a3.pdf\">Kako lo\u010diti dejstva od izmi\u0161ljotin<\/a>\u00a0(plakat)<\/p><p><a href=\"https:\/\/www.nijz.si\/sites\/www.nijz.si\/files\/uploaded\/umivanje_rok_je_izr_1.mp4\">Umivanje rok<\/a>\u00a0\u00a0<a href=\"https:\/\/www.youtube.com\/watch?v=5DcICH59Em8\">(YouTube)<\/a><\/p><p><a href=\"https:\/\/www.nijz.si\/sites\/www.nijz.si\/files\/uploaded\/kaselj_lezece.mp4\">Higiena ka\u0161lja<\/a>\u00a0<a href=\"https:\/\/youtu.be\/_NGzfUFGinc\">(YouTube)<\/a><\/p><p><a href=\"https:\/\/www.youtube.com\/watch?v=f3zDz88SE-I\">Pravilna namestitev za\u0161\u010ditne obrazne maske<\/a>\u00a0(vir: UKC LJ)<\/p><p><a href=\"https:\/\/www.nijz.si\/sites\/www.nijz.si\/files\/uploaded\/video_korona_trim_.mp4\">Stopnje tveganja oku\u017ebe s COVID-19 ob posameznih aktivnostih in krajih<\/a>\u00a0(Vir: Urad Vlade RS za komuniciranje)<\/p><p>Vir: <a href=\"https:\/\/www.nijz.si\/sl\/koronavirus-sars-cov-2-gradiva\">https:\/\/www.nijz.si\/sl\/koronavirus-sars-cov-2-gradiva<\/a><\/p><p>Ravnateljica Marjeta Ko\u0161ak<\/p>","_et_gb_content_width":"","ngg_post_thumbnail":0,"footnotes":"","_expiration-date-status":"","_expiration-date":0,"_expiration-date-type":"","_expiration-date-categories":[],"_expiration-date-options":[]},"categories":[9],"tags":[],"class_list":["post-13613","post","type-post","status-publish","format-standard","hentry","category-aktualno","et-doesnt-have-format-content","et_post_format-et-post-format-standard"],"_links":{"self":[{"href":"https:\/\/www.os-slivnica.si\/index.php?rest_route=\/wp\/v2\/posts\/13613","targetHints":{"allow":["GET"]}}],"collection":[{"href":"https:\/\/www.os-slivnica.si\/index.php?rest_route=\/wp\/v2\/posts"}],"about":[{"href":"https:\/\/www.os-slivnica.si\/index.php?rest_route=\/wp\/v2\/types\/post"}],"author":[{"embeddable":true,"href":"https:\/\/www.os-slivnica.si\/index.php?rest_route=\/wp\/v2\/users\/5705"}],"replies":[{"embeddable":true,"href":"https:\/\/www.os-slivnica.si\/index.php?rest_route=%2Fwp%2Fv2%2Fcomments&post=13613"}],"version-history":[{"count":4,"href":"https:\/\/www.os-slivnica.si\/index.php?rest_route=\/wp\/v2\/posts\/13613\/revisions"}],"predecessor-version":[{"id":13835,"href":"https:\/\/www.os-slivnica.si\/index.php?rest_route=\/wp\/v2\/posts\/13613\/revisions\/13835"}],"wp:attachment":[{"href":"https:\/\/www.os-slivnica.si\/index.php?rest_route=%2Fwp%2Fv2%2Fmedia&parent=13613"}],"wp:term":[{"taxonomy":"category","embeddable":true,"href":"https:\/\/www.os-slivnica.si\/index.php?rest_route=%2Fwp%2Fv2%2Fcategories&post=13613"},{"taxonomy":"post_tag","embeddable":true,"href":"https:\/\/www.os-slivnica.si\/index.php?rest_route=%2Fwp%2Fv2%2Ftags&post=13613"}],"curies":[{"name":"wp","href":"https:\/\/api.w.org\/{rel}","templated":true}]}}