{"id":13219,"date":"2020-10-11T17:13:54","date_gmt":"2020-10-11T15:13:54","guid":{"rendered":"http:\/\/slivnica.splet.arnes.si\/?p=13219"},"modified":"2020-10-12T07:31:39","modified_gmt":"2020-10-12T05:31:39","slug":"nastop-loskih-ucencev-na-otvoritvi-likovne-razstave","status":"publish","type":"post","link":"https:\/\/www.os-slivnica.si\/?p=13219","title":{"rendered":"Nastop lo\u0161kih u\u010dencev na otvoritvi likovne razstave"},"content":{"rendered":"<p>Na otvoritvi razstave 2. slikarskega sre\u010danja \u017dusem 2020 bi v \u010detrtek, 8. 10. 2020, morali nastopiti tudi nekateri u\u010denci na\u0161e \u0161ole. Nastop v \u017eivo je zaradi covida-19 odpadel, smo pa vseeno soustvarili <strong>dogodek na daljavo<\/strong>.<\/p>\n<p>Otvoritev razstave si lahko pogledate na povezavi <a href=\"https:\/\/drive.google.com\/file\/d\/1sqMAI-tVmAYIle-GKrCF379HfX-WJZwL\/view?fbclid=IwAR2gATaMm6q2v5g9iw2CHo0M571oDwdMecPXEQKypP1HEMwOHpFtcJnBD2M\" target=\"_blank\" rel=\"noopener noreferrer\">tukaj.<\/a><\/p>\n<div class=\"gs\">\n<div class=\"\">\n<div id=\":nr\" class=\"ii gt\">\n<div id=\":wu\" class=\"a3s aXjCH \">\n<div>\n<div id=\"m_389247990791075782signature\"><\/div>\n<p id=\"m_389247990791075782reply-intro\">\n<\/div>\n<div class=\"yj6qo\"><\/div>\n<div class=\"adL\"><\/div>\n<\/div>\n<\/div>\n<div id=\":1fj\" class=\"hq gt a10\">\n<div class=\"hp\"><\/div>\n<div class=\"a3I\"><\/div>\n<div id=\":1fm\"><\/div>\n<div id=\":1fl\" class=\"aQH\">\n<div class=\"aZK\"><\/div>\n<\/div>\n<\/div>\n<div class=\"hi\"><\/div>\n<\/div>\n<\/div>\n","protected":false},"excerpt":{"rendered":"<p>Na otvoritvi razstave 2. slikarskega sre\u010danja \u017dusem 2020 bi v \u010detrtek, 8. 10. 2020, morali nastopiti tudi nekateri u\u010denci na\u0161e \u0161ole. Nastop v \u017eivo je zaradi covida-19 odpadel, smo pa vseeno soustvarili dogodek na daljavo. Otvoritev razstave si lahko pogledate na povezavi tukaj.<\/p>\n","protected":false},"author":5997,"featured_media":0,"comment_status":"closed","ping_status":"closed","sticky":false,"template":"","format":"standard","meta":{"_et_pb_use_builder":"","_et_pb_old_content":"","_et_gb_content_width":"","ngg_post_thumbnail":0,"footnotes":"","_expiration-date-status":"","_expiration-date":0,"_expiration-date-type":"","_expiration-date-categories":[],"_expiration-date-options":[]},"categories":[9,10],"tags":[],"class_list":["post-13219","post","type-post","status-publish","format-standard","hentry","category-aktualno","category-ps-loka","et-doesnt-have-format-content","et_post_format-et-post-format-standard"],"_links":{"self":[{"href":"https:\/\/www.os-slivnica.si\/index.php?rest_route=\/wp\/v2\/posts\/13219","targetHints":{"allow":["GET"]}}],"collection":[{"href":"https:\/\/www.os-slivnica.si\/index.php?rest_route=\/wp\/v2\/posts"}],"about":[{"href":"https:\/\/www.os-slivnica.si\/index.php?rest_route=\/wp\/v2\/types\/post"}],"author":[{"embeddable":true,"href":"https:\/\/www.os-slivnica.si\/index.php?rest_route=\/wp\/v2\/users\/5997"}],"replies":[{"embeddable":true,"href":"https:\/\/www.os-slivnica.si\/index.php?rest_route=%2Fwp%2Fv2%2Fcomments&post=13219"}],"version-history":[{"count":2,"href":"https:\/\/www.os-slivnica.si\/index.php?rest_route=\/wp\/v2\/posts\/13219\/revisions"}],"predecessor-version":[{"id":13235,"href":"https:\/\/www.os-slivnica.si\/index.php?rest_route=\/wp\/v2\/posts\/13219\/revisions\/13235"}],"wp:attachment":[{"href":"https:\/\/www.os-slivnica.si\/index.php?rest_route=%2Fwp%2Fv2%2Fmedia&parent=13219"}],"wp:term":[{"taxonomy":"category","embeddable":true,"href":"https:\/\/www.os-slivnica.si\/index.php?rest_route=%2Fwp%2Fv2%2Fcategories&post=13219"},{"taxonomy":"post_tag","embeddable":true,"href":"https:\/\/www.os-slivnica.si\/index.php?rest_route=%2Fwp%2Fv2%2Ftags&post=13219"}],"curies":[{"name":"wp","href":"https:\/\/api.w.org\/{rel}","templated":true}]}}