{"id":13155,"date":"2020-10-05T08:46:30","date_gmt":"2020-10-05T06:46:30","guid":{"rendered":"http:\/\/slivnica.splet.arnes.si\/?p=13155"},"modified":"2020-10-05T08:46:30","modified_gmt":"2020-10-05T06:46:30","slug":"strokovna-ekskurzija-na-gorenjsko-2","status":"publish","type":"post","link":"https:\/\/www.os-slivnica.si\/?p=13155","title":{"rendered":"Strokovna ekskurzija na Gorenjsko"},"content":{"rendered":"<p>V torek, 29. 9. 2020, smo se u\u010denci 8. razreda odpravili na strokovno ekskurzijo na Gorenjsko.<\/p>\n<p>Najprej smo obiskali \u010debelarski muzej, kjer nas je pri\u010dakala vodi\u010dka, ki nas je popeljala v zgodovino \u010debelarstva. Podrobneje nam je predstavila na\u0161o Kranjsko \u010debelo, ki jo imenujemo tudi Sivka in nas opomnila, da ne smemo pozabiti na najve\u010djega in najbolj poznanega \u010debelarja v na\u0161i zgodovini,\u00a0 Antona Jan\u0161o, ki ima zelo velike zasluge za razvoj \u010debelarstva.<\/p>\n<p>Po ogledu muzeja, nas je pot popeljala v Vrbo, rojstno hi\u0161o na\u0161ega najve\u010djega pesnika, Franceta Pre\u0161erna. Prijazna vodi\u010dka nam je zelo do\u017eiveto pripovedovala o njegovem \u017eivljenju in delu. Nekaj povedi nam je povedala tudi v gorenjskem nare\u010dju, na koncu pa v angle\u0161\u010dini recitirala sedmo kitico Zdravljice.<\/p>\n<p>Po ogledu Pre\u0161ernove hi\u0161e smo od\u0161li na kosilo. Na\u0161 zadnji cilj pa sta bila kova\u0161ki muzej, ki predstavlja slovensko dedi\u0161\u010dino \u017eelezarstva in kova\u0161ka delavnica v Kropi. V vigenjci, ro\u010dni kova\u010dnici \u017eebljev, nam je gospod pokazal, kako so v\u010dasih kovali \u017eeblje, veliko pa nam je povedal tudi o te\u017ekem \u017eivljenju in delu kova\u0161kih dru\u017ein. Na koncu so se nekateri u\u010denci prakti\u010dno preizkusili v kova\u0161tvu.<\/p>\n<p>Na ekskurziji smo se imeli zelo lepo in se domov vrnili obogateni z novimi znanji.<\/p>\n<p>Katarina Debelec, 8. razred<\/p>\n<p>&nbsp;<\/p>\nngg_shortcode_0_placeholder\n","protected":false},"excerpt":{"rendered":"<p>V torek, 29. 9. 2020, smo se u\u010denci 8. razreda odpravili na strokovno ekskurzijo na Gorenjsko. Najprej smo obiskali \u010debelarski muzej, kjer nas je pri\u010dakala vodi\u010dka, ki nas je popeljala v zgodovino \u010debelarstva. Podrobneje nam je predstavila na\u0161o Kranjsko \u010debelo, ki jo imenujemo tudi Sivka in nas opomnila, da ne smemo pozabiti na najve\u010djega in [&hellip;]<\/p>\n","protected":false},"author":5704,"featured_media":0,"comment_status":"closed","ping_status":"closed","sticky":false,"template":"","format":"standard","meta":{"_et_pb_use_builder":"","_et_pb_old_content":"","_et_gb_content_width":"","ngg_post_thumbnail":0,"footnotes":"","_expiration-date-status":"","_expiration-date":0,"_expiration-date-type":"","_expiration-date-categories":[],"_expiration-date-options":[]},"categories":[9],"tags":[],"class_list":["post-13155","post","type-post","status-publish","format-standard","hentry","category-aktualno","et-doesnt-have-format-content","et_post_format-et-post-format-standard"],"_links":{"self":[{"href":"https:\/\/www.os-slivnica.si\/index.php?rest_route=\/wp\/v2\/posts\/13155","targetHints":{"allow":["GET"]}}],"collection":[{"href":"https:\/\/www.os-slivnica.si\/index.php?rest_route=\/wp\/v2\/posts"}],"about":[{"href":"https:\/\/www.os-slivnica.si\/index.php?rest_route=\/wp\/v2\/types\/post"}],"author":[{"embeddable":true,"href":"https:\/\/www.os-slivnica.si\/index.php?rest_route=\/wp\/v2\/users\/5704"}],"replies":[{"embeddable":true,"href":"https:\/\/www.os-slivnica.si\/index.php?rest_route=%2Fwp%2Fv2%2Fcomments&post=13155"}],"version-history":[{"count":3,"href":"https:\/\/www.os-slivnica.si\/index.php?rest_route=\/wp\/v2\/posts\/13155\/revisions"}],"predecessor-version":[{"id":13161,"href":"https:\/\/www.os-slivnica.si\/index.php?rest_route=\/wp\/v2\/posts\/13155\/revisions\/13161"}],"wp:attachment":[{"href":"https:\/\/www.os-slivnica.si\/index.php?rest_route=%2Fwp%2Fv2%2Fmedia&parent=13155"}],"wp:term":[{"taxonomy":"category","embeddable":true,"href":"https:\/\/www.os-slivnica.si\/index.php?rest_route=%2Fwp%2Fv2%2Fcategories&post=13155"},{"taxonomy":"post_tag","embeddable":true,"href":"https:\/\/www.os-slivnica.si\/index.php?rest_route=%2Fwp%2Fv2%2Ftags&post=13155"}],"curies":[{"name":"wp","href":"https:\/\/api.w.org\/{rel}","templated":true}]}}