{"id":13043,"date":"2020-09-28T21:58:19","date_gmt":"2020-09-28T19:58:19","guid":{"rendered":"http:\/\/slivnica.splet.arnes.si\/?p=13043"},"modified":"2020-09-28T21:58:19","modified_gmt":"2020-09-28T19:58:19","slug":"prvi-dan-svn-je-za-nami","status":"publish","type":"post","link":"https:\/\/www.os-slivnica.si\/?p=13043","title":{"rendered":"Prvi dan \u0160VN je za nami"},"content":{"rendered":"<p>Peto\u0161olci so uspe\u0161no za\u010deli tako te\u017eko pri\u010dakovalo letno \u0161olo v naravi v \u017dusterni v Kopru.<\/p>\n<p>Danes so pridno osvajali nova znanja o primorskem svetu in naredili prve vodne zaveslaje pod vodstvom svojih plavalnih u\u010diteljev.<\/p>\n<p>Ve\u010der se je zaklju\u010dil s spoznavnim ve\u010derom, kjer so se u\u010denci vseh treh \u0161ol predstavili. Utrujeni in zadovoljni so vsi mirno zaspali.ngg_shortcode_0_placeholder<\/p>\n","protected":false},"excerpt":{"rendered":"<p>Peto\u0161olci so uspe\u0161no za\u010deli tako te\u017eko pri\u010dakovalo letno \u0161olo v naravi v \u017dusterni v Kopru. Danes so pridno osvajali nova znanja o primorskem svetu in naredili prve vodne zaveslaje pod vodstvom svojih plavalnih u\u010diteljev. Ve\u010der se je zaklju\u010dil s spoznavnim ve\u010derom, kjer so se u\u010denci vseh treh \u0161ol predstavili. Utrujeni in zadovoljni so vsi mirno [&hellip;]<\/p>\n","protected":false},"author":6042,"featured_media":0,"comment_status":"closed","ping_status":"closed","sticky":false,"template":"","format":"standard","meta":{"_et_pb_use_builder":"","_et_pb_old_content":"","_et_gb_content_width":"","ngg_post_thumbnail":0,"footnotes":"","_expiration-date-status":"","_expiration-date":0,"_expiration-date-type":"","_expiration-date-categories":[],"_expiration-date-options":[]},"categories":[9],"tags":[],"class_list":["post-13043","post","type-post","status-publish","format-standard","hentry","category-aktualno","et-doesnt-have-format-content","et_post_format-et-post-format-standard"],"_links":{"self":[{"href":"https:\/\/www.os-slivnica.si\/index.php?rest_route=\/wp\/v2\/posts\/13043","targetHints":{"allow":["GET"]}}],"collection":[{"href":"https:\/\/www.os-slivnica.si\/index.php?rest_route=\/wp\/v2\/posts"}],"about":[{"href":"https:\/\/www.os-slivnica.si\/index.php?rest_route=\/wp\/v2\/types\/post"}],"author":[{"embeddable":true,"href":"https:\/\/www.os-slivnica.si\/index.php?rest_route=\/wp\/v2\/users\/6042"}],"replies":[{"embeddable":true,"href":"https:\/\/www.os-slivnica.si\/index.php?rest_route=%2Fwp%2Fv2%2Fcomments&post=13043"}],"version-history":[{"count":1,"href":"https:\/\/www.os-slivnica.si\/index.php?rest_route=\/wp\/v2\/posts\/13043\/revisions"}],"predecessor-version":[{"id":13045,"href":"https:\/\/www.os-slivnica.si\/index.php?rest_route=\/wp\/v2\/posts\/13043\/revisions\/13045"}],"wp:attachment":[{"href":"https:\/\/www.os-slivnica.si\/index.php?rest_route=%2Fwp%2Fv2%2Fmedia&parent=13043"}],"wp:term":[{"taxonomy":"category","embeddable":true,"href":"https:\/\/www.os-slivnica.si\/index.php?rest_route=%2Fwp%2Fv2%2Fcategories&post=13043"},{"taxonomy":"post_tag","embeddable":true,"href":"https:\/\/www.os-slivnica.si\/index.php?rest_route=%2Fwp%2Fv2%2Ftags&post=13043"}],"curies":[{"name":"wp","href":"https:\/\/api.w.org\/{rel}","templated":true}]}}