{"id":13017,"date":"2020-09-25T12:59:10","date_gmt":"2020-09-25T10:59:10","guid":{"rendered":"http:\/\/slivnica.splet.arnes.si\/?p=13017"},"modified":"2020-09-25T12:59:10","modified_gmt":"2020-09-25T10:59:10","slug":"druzinski-pohod-na-prevorju-2","status":"publish","type":"post","link":"https:\/\/www.os-slivnica.si\/?p=13017","title":{"rendered":"Dru\u017einski pohod na Prevorju"},"content":{"rendered":"<pre style=\"text-align: center\"><strong><em>Desna noga, leva noga -<\/em><\/strong>\r\n<strong><em>\u010de veseli sta,<\/em><\/strong>\r\n<strong><em>lahko vse steze,<\/em><\/strong>\r\n<strong><em>lahko vse ceste <\/em><\/strong>\r\n<strong><em>preple\u0161eta!\r\nN. Maurer<img loading=\"lazy\" decoding=\"async\" class=\"alignleft\" src=\"https:\/\/duradovljica.rai.si\/wp-content\/uploads\/2015\/09\/pohodnik.png\" alt=\"PLANINSKI POHOD \u2013 BABJI ZOB\" width=\"86\" height=\"115\" \/><\/em><\/strong><\/pre>\n<p><strong>V tednu trajnostne mobilnosti<\/strong> smo se na Prevorju odpravili na \u017ee <strong><span style=\"color: #ff9900\">14. tradicionalni<\/span><\/strong> <span style=\"color: #ff9900\"><strong>dru\u017einski pohod.<\/strong><\/span><\/p>\n<p>U\u010denci so povabili \u010dlane o\u017eje dru\u017eine, da se jim pridru\u017eijo in tako pre\u017eivijo popoldan skupaj.<\/p>\n<p>V toplem jesenskem popoldnevu smo prehodili kro\u017eno pot: <em>Prevorje &#8211; Hrastje &#8211; \u017degar &#8211; Prevorj<\/em>e. Med potjo je bilo veliko \u010dasa za klepet, opazovanje sosednjih hribov in narave. Postanke pa so otroci takoj izkoristili za <strong>igro<\/strong>, ki je ni nikoli preve\u010d.<\/p>\n<p><strong>Hvala vsem<\/strong>, ki ste si vzeli \u010das in se nam pridru\u017eili.<\/p>\nngg_shortcode_0_placeholder\n","protected":false},"excerpt":{"rendered":"<p>Desna noga, leva noga &#8211; \u010de veseli sta, lahko vse steze, lahko vse ceste preple\u0161eta! N. Maurer V tednu trajnostne mobilnosti smo se na Prevorju odpravili na \u017ee 14. tradicionalni dru\u017einski pohod. U\u010denci so povabili \u010dlane o\u017eje dru\u017eine, da se jim pridru\u017eijo in tako pre\u017eivijo popoldan skupaj. V toplem jesenskem popoldnevu smo prehodili kro\u017eno pot: [&hellip;]<\/p>\n","protected":false},"author":7958,"featured_media":0,"comment_status":"closed","ping_status":"closed","sticky":false,"template":"","format":"standard","meta":{"_et_pb_use_builder":"","_et_pb_old_content":"","_et_gb_content_width":"","ngg_post_thumbnail":0,"footnotes":"","_expiration-date-status":"","_expiration-date":0,"_expiration-date-type":"","_expiration-date-categories":[],"_expiration-date-options":[]},"categories":[9,11],"tags":[],"class_list":["post-13017","post","type-post","status-publish","format-standard","hentry","category-aktualno","category-ps-prevorje","et-doesnt-have-format-content","et_post_format-et-post-format-standard"],"_links":{"self":[{"href":"https:\/\/www.os-slivnica.si\/index.php?rest_route=\/wp\/v2\/posts\/13017","targetHints":{"allow":["GET"]}}],"collection":[{"href":"https:\/\/www.os-slivnica.si\/index.php?rest_route=\/wp\/v2\/posts"}],"about":[{"href":"https:\/\/www.os-slivnica.si\/index.php?rest_route=\/wp\/v2\/types\/post"}],"author":[{"embeddable":true,"href":"https:\/\/www.os-slivnica.si\/index.php?rest_route=\/wp\/v2\/users\/7958"}],"replies":[{"embeddable":true,"href":"https:\/\/www.os-slivnica.si\/index.php?rest_route=%2Fwp%2Fv2%2Fcomments&post=13017"}],"version-history":[{"count":3,"href":"https:\/\/www.os-slivnica.si\/index.php?rest_route=\/wp\/v2\/posts\/13017\/revisions"}],"predecessor-version":[{"id":13027,"href":"https:\/\/www.os-slivnica.si\/index.php?rest_route=\/wp\/v2\/posts\/13017\/revisions\/13027"}],"wp:attachment":[{"href":"https:\/\/www.os-slivnica.si\/index.php?rest_route=%2Fwp%2Fv2%2Fmedia&parent=13017"}],"wp:term":[{"taxonomy":"category","embeddable":true,"href":"https:\/\/www.os-slivnica.si\/index.php?rest_route=%2Fwp%2Fv2%2Fcategories&post=13017"},{"taxonomy":"post_tag","embeddable":true,"href":"https:\/\/www.os-slivnica.si\/index.php?rest_route=%2Fwp%2Fv2%2Ftags&post=13017"}],"curies":[{"name":"wp","href":"https:\/\/api.w.org\/{rel}","templated":true}]}}