{"id":12979,"date":"2020-09-22T12:23:02","date_gmt":"2020-09-22T10:23:02","guid":{"rendered":"http:\/\/slivnica.splet.arnes.si\/?p=12979"},"modified":"2021-06-10T19:07:03","modified_gmt":"2021-06-10T17:07:03","slug":"trajna-mobilnost-v-loki","status":"publish","type":"post","link":"https:\/\/www.os-slivnica.si\/?p=12979","title":{"rendered":"Trajnostna mobilnost v Loki"},"content":{"rendered":"<p>V tem \u0161olskem letu bo na na\u0161i \u0161oli potekal projekt <strong>Trajnostna mobilnost<\/strong>. Trajnostna mobilnost je premikanje na trajnosten na\u010din, kar vklju\u010duje hojo, kolesarjenje, uporabo rolke ali skiroja, javnega potni\u0161kega prometa. Osnovni cilj projekta je zadovoljiti potrebe vseh ljudi po mobilnosti in obenem zmanj\u0161ati promet, posledi\u010dno onesna\u017eevanje, emisije toplogrednih plinov in porabo energije. Ker tudi mi \u017eelimo nekaj narediti za na\u0161o naravo ter poskrbeti za svoje zdravje, smo se odlo\u010dili za sodelovanje v tem projektu.<\/p>\n<p>U\u010diteljice bomo u\u010dence z razli\u010dnimi vsebinami spodbujale, da bodo v \u0161olo prihajali na <strong>trajnostni na\u010din<\/strong> <strong>\u2013 pe\u0161, s kolesom, skirojem, \u0161olskim avtobusom<\/strong>.<\/p>\n<p>V tednu od 21. do 25. 9. 2020 smo \u017ee pri\u010deli s tedensko aktivnostjo. Motivirali smo u\u010dence, da v \u0161olo prihajajo na trajnostni na\u010din. Vsak dan sproti bele\u017eimo na\u010dine prihodov v \u0161olo, izpolnjujemo knji\u017eico Moj dnevnik aktivnosti Gremo pe\u0161 s koko\u0161ko Rozi, re\u0161ujemo naloge, pridobivamo nagradne karte, izpolnjujemo spletno aplikacijo ter podatke prena\u0161amo na \u0161olski transparent, kjer skrbno ri\u0161emo graf, opazujemo in \u0161tejemo promet, ri\u0161emo poti v \u0161olo, kot vsako leto poprej pa smo prvi dan aktivnosti, 21. 9., izvedli tudi Pe\u0161bus. Relacija Loka-Gaj\u0161ek-Loka ni bila zelo dolga, je pa bila zanimiva, klepetava, razmigana. Voznica Frida je poskrbela za varnost in vse u\u010dence sre\u010dno pripeljala do \u0161ole.<\/p>\n<p>ngg_shortcode_0_placeholderngg_shortcode_1_placeholder<\/p>\n<p>In \u0161e drugi Pe\u0161bus &#8230;<\/p>\nngg_shortcode_2_placeholder\n<p>Tako se je tedenska aktivnost kon\u010dala, dele\u017e u\u010dencev \u0161ole, ki je v \u0161olo pri\u0161el na trajnostni na\u010din, zna\u0161a <strong>23,3 %. Bravooooo!!!! Dosegli smo \u017eeljeni cilj.<\/strong><\/p>\nngg_shortcode_3_placeholder\n<p>&nbsp;<\/p>\n<p>Tudi ob koncu \u0161olskega leta na\u0161i \u0161olarji radi pridejo v \u0161olo pe\u0161 oziroma na trajnostni na\u010din. Veseli smo, da je projekt dosegel svoj namen.<\/p>\nngg_shortcode_4_placeholder\n<p>&nbsp;<\/p>\n<p>&nbsp;<\/p>\n<p>&nbsp;<\/p>\n<p>&nbsp;<\/p>\n<p>&nbsp;<\/p>\n<p>&nbsp;<\/p>\n<p>&nbsp;<\/p>\n","protected":false},"excerpt":{"rendered":"<p>V tem \u0161olskem letu bo na na\u0161i \u0161oli potekal projekt Trajnostna mobilnost. Trajnostna mobilnost je premikanje na trajnosten na\u010din, kar vklju\u010duje hojo, kolesarjenje, uporabo rolke ali skiroja, javnega potni\u0161kega prometa. Osnovni cilj projekta je zadovoljiti potrebe vseh ljudi po mobilnosti in obenem zmanj\u0161ati promet, posledi\u010dno onesna\u017eevanje, emisije toplogrednih plinov in porabo energije. Ker tudi mi [&hellip;]<\/p>\n","protected":false},"author":5997,"featured_media":0,"comment_status":"closed","ping_status":"closed","sticky":false,"template":"","format":"standard","meta":{"_et_pb_use_builder":"","_et_pb_old_content":"","_et_gb_content_width":"","ngg_post_thumbnail":0,"footnotes":"","_expiration-date-status":"","_expiration-date":0,"_expiration-date-type":"","_expiration-date-categories":[],"_expiration-date-options":[]},"categories":[9,10],"tags":[],"class_list":["post-12979","post","type-post","status-publish","format-standard","hentry","category-aktualno","category-ps-loka","et-doesnt-have-format-content","et_post_format-et-post-format-standard"],"_links":{"self":[{"href":"https:\/\/www.os-slivnica.si\/index.php?rest_route=\/wp\/v2\/posts\/12979","targetHints":{"allow":["GET"]}}],"collection":[{"href":"https:\/\/www.os-slivnica.si\/index.php?rest_route=\/wp\/v2\/posts"}],"about":[{"href":"https:\/\/www.os-slivnica.si\/index.php?rest_route=\/wp\/v2\/types\/post"}],"author":[{"embeddable":true,"href":"https:\/\/www.os-slivnica.si\/index.php?rest_route=\/wp\/v2\/users\/5997"}],"replies":[{"embeddable":true,"href":"https:\/\/www.os-slivnica.si\/index.php?rest_route=%2Fwp%2Fv2%2Fcomments&post=12979"}],"version-history":[{"count":12,"href":"https:\/\/www.os-slivnica.si\/index.php?rest_route=\/wp\/v2\/posts\/12979\/revisions"}],"predecessor-version":[{"id":14671,"href":"https:\/\/www.os-slivnica.si\/index.php?rest_route=\/wp\/v2\/posts\/12979\/revisions\/14671"}],"wp:attachment":[{"href":"https:\/\/www.os-slivnica.si\/index.php?rest_route=%2Fwp%2Fv2%2Fmedia&parent=12979"}],"wp:term":[{"taxonomy":"category","embeddable":true,"href":"https:\/\/www.os-slivnica.si\/index.php?rest_route=%2Fwp%2Fv2%2Fcategories&post=12979"},{"taxonomy":"post_tag","embeddable":true,"href":"https:\/\/www.os-slivnica.si\/index.php?rest_route=%2Fwp%2Fv2%2Ftags&post=12979"}],"curies":[{"name":"wp","href":"https:\/\/api.w.org\/{rel}","templated":true}]}}