{"id":12975,"date":"2020-09-21T20:22:50","date_gmt":"2020-09-21T18:22:50","guid":{"rendered":"http:\/\/slivnica.splet.arnes.si\/?p=12975"},"modified":"2020-09-21T20:22:50","modified_gmt":"2020-09-21T18:22:50","slug":"pozdrav-ptic-miru-na-prevorju","status":"publish","type":"post","link":"https:\/\/www.os-slivnica.si\/?p=12975","title":{"rendered":"Pozdrav ptic miru na Prevorju"},"content":{"rendered":"<p><img loading=\"lazy\" decoding=\"async\" class=\"gs-imagePreview aligncenter\" src=\"https:\/\/uploads.publishwall.si\/imgsmedium_2\/2014\/07\/07\/publishwall_1404710209_2483892.jpg\" alt=\"Mir se pri\u010dne doma\" width=\"201\" height=\"209\" \/><\/p>\n<p style=\"text-align: center\"><span style=\"color: #000000\"><strong><em>&#8220;Sodeluj in spremeni!&#8221;<\/em><\/strong><\/span><\/p>\n<p><span style=\"color: #333300\"><em>S sloganom<\/em>:<\/span> <strong><em><span style=\"color: #000000\">Sodeluj in spremeni,<\/span><\/em><\/strong> smo v okviru mednarodnega projekta<strong> &#8221; POZDRAV PTIC MIRU&#8221;,<\/strong> v leto\u0161njem \u0161olskem letu obele\u017eili <strong>dan miru<\/strong> z razli\u010dnimi aktivnostmi.<\/p>\n<p style=\"text-align: center\">ngg_shortcode_0_placeholder<\/p>\n","protected":false},"excerpt":{"rendered":"<p>&#8220;Sodeluj in spremeni!&#8221; S sloganom: Sodeluj in spremeni, smo v okviru mednarodnega projekta &#8221; POZDRAV PTIC MIRU&#8221;, v leto\u0161njem \u0161olskem letu obele\u017eili dan miru z razli\u010dnimi aktivnostmi.<\/p>\n","protected":false},"author":6009,"featured_media":0,"comment_status":"closed","ping_status":"closed","sticky":false,"template":"","format":"standard","meta":{"_et_pb_use_builder":"","_et_pb_old_content":"","_et_gb_content_width":"","ngg_post_thumbnail":0,"footnotes":"","_expiration-date-status":"","_expiration-date":0,"_expiration-date-type":"","_expiration-date-categories":[],"_expiration-date-options":[]},"categories":[11],"tags":[],"class_list":["post-12975","post","type-post","status-publish","format-standard","hentry","category-ps-prevorje","et-doesnt-have-format-content","et_post_format-et-post-format-standard"],"_links":{"self":[{"href":"https:\/\/www.os-slivnica.si\/index.php?rest_route=\/wp\/v2\/posts\/12975","targetHints":{"allow":["GET"]}}],"collection":[{"href":"https:\/\/www.os-slivnica.si\/index.php?rest_route=\/wp\/v2\/posts"}],"about":[{"href":"https:\/\/www.os-slivnica.si\/index.php?rest_route=\/wp\/v2\/types\/post"}],"author":[{"embeddable":true,"href":"https:\/\/www.os-slivnica.si\/index.php?rest_route=\/wp\/v2\/users\/6009"}],"replies":[{"embeddable":true,"href":"https:\/\/www.os-slivnica.si\/index.php?rest_route=%2Fwp%2Fv2%2Fcomments&post=12975"}],"version-history":[{"count":1,"href":"https:\/\/www.os-slivnica.si\/index.php?rest_route=\/wp\/v2\/posts\/12975\/revisions"}],"predecessor-version":[{"id":12977,"href":"https:\/\/www.os-slivnica.si\/index.php?rest_route=\/wp\/v2\/posts\/12975\/revisions\/12977"}],"wp:attachment":[{"href":"https:\/\/www.os-slivnica.si\/index.php?rest_route=%2Fwp%2Fv2%2Fmedia&parent=12975"}],"wp:term":[{"taxonomy":"category","embeddable":true,"href":"https:\/\/www.os-slivnica.si\/index.php?rest_route=%2Fwp%2Fv2%2Fcategories&post=12975"},{"taxonomy":"post_tag","embeddable":true,"href":"https:\/\/www.os-slivnica.si\/index.php?rest_route=%2Fwp%2Fv2%2Ftags&post=12975"}],"curies":[{"name":"wp","href":"https:\/\/api.w.org\/{rel}","templated":true}]}}