{"id":12951,"date":"2020-09-19T21:16:41","date_gmt":"2020-09-19T19:16:41","guid":{"rendered":"http:\/\/slivnica.splet.arnes.si\/?p=12951"},"modified":"2020-09-19T21:57:59","modified_gmt":"2020-09-19T19:57:59","slug":"v-loki-stirje-prvosolcki","status":"publish","type":"post","link":"https:\/\/www.os-slivnica.si\/?p=12951","title":{"rendered":"V Loki \u0161tirje prvo\u0161ol\u010dki"},"content":{"rendered":"<p style=\"text-align: center\">\u00a0 \u0160olski zvonec glasno kli\u010de:<br \/>\n&#8220;Cicibani, kje pa ste?<br \/>\n\u010cez zelene vinske gri\u010de<br \/>\n\u017ee jesen v de\u017eelo gre!&#8221;<\/p>\n<p>V torek, 1. septembra smo u\u010diteljice in u\u010denci na na\u0161i \u0161oli sprejeli <strong>\u0161tiri <\/strong>prvo\u0161ol\u010dke, <strong>Zalo, Reneja, Erazma <\/strong>in<strong> Zvonka.<\/strong><\/p>\n<p>Po pozdravu vodje \u0161ole Fride Guben\u0161ek je sledil kratek \u00a0kulturni program, ki ga je vodila peto\u0161olka Leja. U\u010denci so nastopili z deklamacijami, petjem in plesom.<\/p>\n<p>Prvo\u0161ol\u010dki so nato skupaj s star\u0161i, z u\u010diteljicama Dragico in Nastjo veselo od\u0161li v razred. Predstavili so se, poslu\u0161ali pravljico in\u00a0 prejeli naprstne lutke ter balone. Sledilo je sladko presene\u010denje \u2013 tortica.<\/p>\n<p>Ob koncu tega pomembnega dne so jih pri\u0161li pozdraviti \u00a0tudi ravnateljica na\u0161e \u0161ole ga. Marjeta Ko\u0161ak, \u017eupan ob\u010dine g. Marko Diaci ter ga. Judita Methans \u0160arlah. \u017dupan jim je razdelil rumene rutice, kresni\u010dke in knjige De\u017eni \u0160krat in nezadovoljni pti\u010d ter jim za\u017eelel prijetno po\u010dutje v \u0161oli.<\/p>\n<p>Ta dan bo prvo\u0161olcem ostal v lepem spominu. Zdaj \u017ee nekaj dni pogumno hodijo v \u0161olo in se pridno u\u010dijo.<\/p>\nngg_shortcode_0_placeholder\n<p>&nbsp;<\/p>\n","protected":false},"excerpt":{"rendered":"<p>\u00a0 \u0160olski zvonec glasno kli\u010de: &#8220;Cicibani, kje pa ste? \u010cez zelene vinske gri\u010de \u017ee jesen v de\u017eelo gre!&#8221; V torek, 1. septembra smo u\u010diteljice in u\u010denci na na\u0161i \u0161oli sprejeli \u0161tiri prvo\u0161ol\u010dke, Zalo, Reneja, Erazma in Zvonka. Po pozdravu vodje \u0161ole Fride Guben\u0161ek je sledil kratek \u00a0kulturni program, ki ga je vodila peto\u0161olka Leja. U\u010denci [&hellip;]<\/p>\n","protected":false},"author":6597,"featured_media":0,"comment_status":"closed","ping_status":"closed","sticky":false,"template":"","format":"standard","meta":{"_et_pb_use_builder":"","_et_pb_old_content":"","_et_gb_content_width":"","ngg_post_thumbnail":0,"footnotes":"","_expiration-date-status":"","_expiration-date":0,"_expiration-date-type":"","_expiration-date-categories":[],"_expiration-date-options":[]},"categories":[9,10],"tags":[],"class_list":["post-12951","post","type-post","status-publish","format-standard","hentry","category-aktualno","category-ps-loka","et-doesnt-have-format-content","et_post_format-et-post-format-standard"],"_links":{"self":[{"href":"https:\/\/www.os-slivnica.si\/index.php?rest_route=\/wp\/v2\/posts\/12951","targetHints":{"allow":["GET"]}}],"collection":[{"href":"https:\/\/www.os-slivnica.si\/index.php?rest_route=\/wp\/v2\/posts"}],"about":[{"href":"https:\/\/www.os-slivnica.si\/index.php?rest_route=\/wp\/v2\/types\/post"}],"author":[{"embeddable":true,"href":"https:\/\/www.os-slivnica.si\/index.php?rest_route=\/wp\/v2\/users\/6597"}],"replies":[{"embeddable":true,"href":"https:\/\/www.os-slivnica.si\/index.php?rest_route=%2Fwp%2Fv2%2Fcomments&post=12951"}],"version-history":[{"count":8,"href":"https:\/\/www.os-slivnica.si\/index.php?rest_route=\/wp\/v2\/posts\/12951\/revisions"}],"predecessor-version":[{"id":12969,"href":"https:\/\/www.os-slivnica.si\/index.php?rest_route=\/wp\/v2\/posts\/12951\/revisions\/12969"}],"wp:attachment":[{"href":"https:\/\/www.os-slivnica.si\/index.php?rest_route=%2Fwp%2Fv2%2Fmedia&parent=12951"}],"wp:term":[{"taxonomy":"category","embeddable":true,"href":"https:\/\/www.os-slivnica.si\/index.php?rest_route=%2Fwp%2Fv2%2Fcategories&post=12951"},{"taxonomy":"post_tag","embeddable":true,"href":"https:\/\/www.os-slivnica.si\/index.php?rest_route=%2Fwp%2Fv2%2Ftags&post=12951"}],"curies":[{"name":"wp","href":"https:\/\/api.w.org\/{rel}","templated":true}]}}