{"id":12901,"date":"2020-09-17T12:55:49","date_gmt":"2020-09-17T10:55:49","guid":{"rendered":"http:\/\/slivnica.splet.arnes.si\/?p=12901"},"modified":"2020-09-17T12:57:20","modified_gmt":"2020-09-17T10:57:20","slug":"pohod-na-tratno-4-in-5-razred","status":"publish","type":"post","link":"https:\/\/www.os-slivnica.si\/?p=12901","title":{"rendered":"Pohod na Tratno &#8211; 4. in 5. razred"},"content":{"rendered":"<p>Dana\u0161nji \u0161portni dan se je za\u010del v \u0161oli, ko smo vzeli malico in se vkrcali na avtobus, ki nas je peljal v Rakitovec. Tu se je na\u0161 pohod za\u010del. Najprej smo hodili po ravni cesti ob jezeru. Potem pa se je pot proti Tratni za\u010dela vzpenjati, zato smo morali narediti postanek, se sle\u010di in spiti malo vode. Po nekaj \u010dasa hoje v hrib smo le prispeli na vrh. Tam smo pojedli malico in se malo poigrali. \u010cakalo pa nas je tudi presene\u010denje \u2013 polni ko\u0161ari doma\u010dih jabolk in \u00a0grozdja. Z veseljem so vse pojedli. Polni novih mo\u010di smo se odpravili nazaj v \u0161olo.<\/p>\n<p>Na dana\u0161njem \u0161portnem dnevu sem se imela zelo lepo.<\/p>\n<p>Kiara Kolar, 4. razred<\/p>\nngg_shortcode_0_placeholder\n<p>&nbsp;<\/p>\n","protected":false},"excerpt":{"rendered":"<p>Dana\u0161nji \u0161portni dan se je za\u010del v \u0161oli, ko smo vzeli malico in se vkrcali na avtobus, ki nas je peljal v Rakitovec. Tu se je na\u0161 pohod za\u010del. Najprej smo hodili po ravni cesti ob jezeru. Potem pa se je pot proti Tratni za\u010dela vzpenjati, zato smo morali narediti postanek, se sle\u010di in spiti [&hellip;]<\/p>\n","protected":false},"author":6074,"featured_media":0,"comment_status":"closed","ping_status":"closed","sticky":false,"template":"","format":"standard","meta":{"_et_pb_use_builder":"","_et_pb_old_content":"","_et_gb_content_width":"","ngg_post_thumbnail":0,"footnotes":"","_expiration-date-status":"","_expiration-date":0,"_expiration-date-type":"","_expiration-date-categories":[],"_expiration-date-options":[]},"categories":[9],"tags":[],"class_list":["post-12901","post","type-post","status-publish","format-standard","hentry","category-aktualno","et-doesnt-have-format-content","et_post_format-et-post-format-standard"],"_links":{"self":[{"href":"https:\/\/www.os-slivnica.si\/index.php?rest_route=\/wp\/v2\/posts\/12901","targetHints":{"allow":["GET"]}}],"collection":[{"href":"https:\/\/www.os-slivnica.si\/index.php?rest_route=\/wp\/v2\/posts"}],"about":[{"href":"https:\/\/www.os-slivnica.si\/index.php?rest_route=\/wp\/v2\/types\/post"}],"author":[{"embeddable":true,"href":"https:\/\/www.os-slivnica.si\/index.php?rest_route=\/wp\/v2\/users\/6074"}],"replies":[{"embeddable":true,"href":"https:\/\/www.os-slivnica.si\/index.php?rest_route=%2Fwp%2Fv2%2Fcomments&post=12901"}],"version-history":[{"count":2,"href":"https:\/\/www.os-slivnica.si\/index.php?rest_route=\/wp\/v2\/posts\/12901\/revisions"}],"predecessor-version":[{"id":12905,"href":"https:\/\/www.os-slivnica.si\/index.php?rest_route=\/wp\/v2\/posts\/12901\/revisions\/12905"}],"wp:attachment":[{"href":"https:\/\/www.os-slivnica.si\/index.php?rest_route=%2Fwp%2Fv2%2Fmedia&parent=12901"}],"wp:term":[{"taxonomy":"category","embeddable":true,"href":"https:\/\/www.os-slivnica.si\/index.php?rest_route=%2Fwp%2Fv2%2Fcategories&post=12901"},{"taxonomy":"post_tag","embeddable":true,"href":"https:\/\/www.os-slivnica.si\/index.php?rest_route=%2Fwp%2Fv2%2Ftags&post=12901"}],"curies":[{"name":"wp","href":"https:\/\/api.w.org\/{rel}","templated":true}]}}