{"id":12827,"date":"2020-09-09T22:07:10","date_gmt":"2020-09-09T20:07:10","guid":{"rendered":"http:\/\/slivnica.splet.arnes.si\/?p=12827"},"modified":"2020-09-09T22:07:10","modified_gmt":"2020-09-09T20:07:10","slug":"tretji-dan-v-csod-uspesno-izveden","status":"publish","type":"post","link":"https:\/\/www.os-slivnica.si\/?p=12827","title":{"rendered":"TRETJI DAN V C\u0160OD USPE\u0160NO IZVEDEN"},"content":{"rendered":"<p>Dan je bil \u010dudovit, saj jih je zjutraj zbudilo sonce. Pridno so plavali, spoznavali pomen soli, njeno pridelavo in si od dale\u010d ogledali Se\u010doveljske soline. Popoldan so od\u0161li na tako te\u017eko pri\u010dakovan sladoled in se sprehodili po marini v Portoro\u017eu. Dan so zaklju\u010dili s pisanjem svojih vtisov o bivanju v Se\u010di.ngg_shortcode_0_placeholder<\/p>\n","protected":false},"excerpt":{"rendered":"<p>Dan je bil \u010dudovit, saj jih je zjutraj zbudilo sonce. Pridno so plavali, spoznavali pomen soli, njeno pridelavo in si od dale\u010d ogledali Se\u010doveljske soline. Popoldan so od\u0161li na tako te\u017eko pri\u010dakovan sladoled in se sprehodili po marini v Portoro\u017eu. Dan so zaklju\u010dili s pisanjem svojih vtisov o bivanju v Se\u010di.<\/p>\n","protected":false},"author":6042,"featured_media":0,"comment_status":"closed","ping_status":"closed","sticky":false,"template":"","format":"standard","meta":{"_et_pb_use_builder":"","_et_pb_old_content":"","_et_gb_content_width":"","ngg_post_thumbnail":0,"footnotes":"","_expiration-date-status":"","_expiration-date":0,"_expiration-date-type":"","_expiration-date-categories":[],"_expiration-date-options":[]},"categories":[9],"tags":[],"class_list":["post-12827","post","type-post","status-publish","format-standard","hentry","category-aktualno","et-doesnt-have-format-content","et_post_format-et-post-format-standard"],"_links":{"self":[{"href":"https:\/\/www.os-slivnica.si\/index.php?rest_route=\/wp\/v2\/posts\/12827","targetHints":{"allow":["GET"]}}],"collection":[{"href":"https:\/\/www.os-slivnica.si\/index.php?rest_route=\/wp\/v2\/posts"}],"about":[{"href":"https:\/\/www.os-slivnica.si\/index.php?rest_route=\/wp\/v2\/types\/post"}],"author":[{"embeddable":true,"href":"https:\/\/www.os-slivnica.si\/index.php?rest_route=\/wp\/v2\/users\/6042"}],"replies":[{"embeddable":true,"href":"https:\/\/www.os-slivnica.si\/index.php?rest_route=%2Fwp%2Fv2%2Fcomments&post=12827"}],"version-history":[{"count":1,"href":"https:\/\/www.os-slivnica.si\/index.php?rest_route=\/wp\/v2\/posts\/12827\/revisions"}],"predecessor-version":[{"id":12829,"href":"https:\/\/www.os-slivnica.si\/index.php?rest_route=\/wp\/v2\/posts\/12827\/revisions\/12829"}],"wp:attachment":[{"href":"https:\/\/www.os-slivnica.si\/index.php?rest_route=%2Fwp%2Fv2%2Fmedia&parent=12827"}],"wp:term":[{"taxonomy":"category","embeddable":true,"href":"https:\/\/www.os-slivnica.si\/index.php?rest_route=%2Fwp%2Fv2%2Fcategories&post=12827"},{"taxonomy":"post_tag","embeddable":true,"href":"https:\/\/www.os-slivnica.si\/index.php?rest_route=%2Fwp%2Fv2%2Ftags&post=12827"}],"curies":[{"name":"wp","href":"https:\/\/api.w.org\/{rel}","templated":true}]}}