{"id":12707,"date":"2020-08-30T22:52:54","date_gmt":"2020-08-30T20:52:54","guid":{"rendered":"http:\/\/slivnica.splet.arnes.si\/?p=12707"},"modified":"2020-08-30T23:01:29","modified_gmt":"2020-08-30T21:01:29","slug":"prvi-solski-dan-v-gorici-2","status":"publish","type":"post","link":"https:\/\/www.os-slivnica.si\/?p=12707","title":{"rendered":"Prvi \u0161olski dan v Gorici"},"content":{"rendered":"<p>Spo\u0161tovani star\u0161i in u\u010denci!<\/p>\n<p>V Gorici se bo v torek, 1. 9. 2020, pouk pri\u010del\u00a0 ob <strong>8. uri, <\/strong>razen za u\u010dence 1. razreda.<\/p>\n<p><strong>Vsi u\u010denci prinesete s sabo \u0161olske torbe, ker boste ta dan dobili u\u010dbenike.<\/strong><\/p>\n<p>Zjutraj bodo avtobusi vozili po voznem redu, ki je veljal lansko \u0161olsko leto in ga najdete <a href=\"http:\/\/slivnica.splet.arnes.si\/files\/2020\/08\/VOZNI-RED-2019_20_1.pdf\" target=\"_blank\" rel=\"noopener noreferrer\">tukaj.<\/a>\u00a0 <strong>Na avtobusu je obvezna uporaba mask. <\/strong><\/p>\n<p><strong>Za teden od 1. do 4. septembra 2020, velja <a href=\"https:\/\/www.nijz.si\/sl\/priporocila-za-uporabo-mask-v-casu-sirjenja-okuzbe-s-sars-cov-2\">priporo\u010dilo NIJZ<\/a>, da vsi u\u010denci (tudi tisti od 1. do 5. razreda ) uporabljajo v skupnih prostorih \u0161ole maske. <\/strong><\/p>\n<p>Po prihodu v \u0161olo u\u010denci odidete v svoje mati\u010dne u\u010dilnice, ki so za u\u010dence od 2. do 5. razreda enake kot lani, za u\u010dence od 6. do 9. razreda pa so:<\/p>\n<p>&nbsp;<\/p>\n<table width=\"0\">\n<tbody>\n<tr>\n<td width=\"170\"><strong>RAZRED<\/strong><\/td>\n<td width=\"255\"><strong>U\u010cILNICA<\/strong><\/td>\n<\/tr>\n<tr>\n<td width=\"170\"><strong>6. a<\/strong><\/td>\n<td width=\"255\"><strong>MATEMATIKA 1<\/strong><\/td>\n<\/tr>\n<tr>\n<td width=\"170\"><strong>6. b<\/strong><\/td>\n<td width=\"255\"><strong>SLOVEN\u0160\u010cINA 2<\/strong><\/td>\n<\/tr>\n<tr>\n<td width=\"170\"><strong>7. a<\/strong><\/td>\n<td width=\"255\"><strong>GEOGRAFIJA<\/strong><\/td>\n<\/tr>\n<tr>\n<td width=\"170\"><strong>7. b<\/strong><\/td>\n<td width=\"255\"><strong>BIOLOGIJA &#8211; KEMIJA<\/strong><\/td>\n<\/tr>\n<tr>\n<td width=\"170\"><strong>8. <\/strong><\/td>\n<td width=\"255\"><strong>LIKOVNA UMETNOST<\/strong><\/td>\n<\/tr>\n<tr>\n<td width=\"170\"><strong>9. a<\/strong><\/td>\n<td width=\"255\"><strong>ANGLE\u0160\u010cINA<\/strong><\/td>\n<\/tr>\n<tr>\n<td width=\"170\"><strong>9. b<\/strong><\/td>\n<td width=\"255\"><strong>SLOVEN\u0160\u010cINA 1<\/strong><\/td>\n<\/tr>\n<\/tbody>\n<\/table>\n<p>U\u010denci 6. razreda boste od \u0161olske pedagoginje, ki vas bo po\u010dakala pred \u00a0garderobo predmetne stopnje, izvedeli v katerem oddelku ste in kje je va\u0161a mati\u010dna u\u010dilnica.<\/p>\n<p>S poukom bodo zaklju\u010dili:<\/p>\n<ul>\n<li>u\u010denci od 2. do 5. razreda ob 10.45, takrat bo tudi odhod avtobusa (1. vo\u017enja),<\/li>\n<li>u\u010denci od 6. do 9. razreda ob 11.15, ko bo odhod avtobusa (2. vo\u017enja).<\/li>\n<\/ul>\n<p>Ta dan bomo organizirali jutranje varstvo in \u00a0podalj\u0161ano bivanje kot obi\u010dajno.<\/p>\n<p>Za vse u\u010dence bo organizirana \u0161olska malica. Kosilo, zajtrk \u00a0in popoldanska malica pa le za u\u010dence, ki imajo prijavljene te obroke. V kolikor ta dan\u00a0 otrok ne bo jedel, je potrebno obroke odjaviti.<\/p>\n<p>Prvo\u0161olci so povabljeni v \u0161olo z vabilom, pri\u010dakujemo jih ob <strong>9.30<\/strong> uri.<br \/>\nOb 11.20 jih bo obiskal tudi \u017eupan mag. Marko Diaci.<\/p>\n<p>Ravnateljica<\/p>\n","protected":false},"excerpt":{"rendered":"<p>Spo\u0161tovani star\u0161i in u\u010denci! V Gorici se bo v torek, 1. 9. 2020, pouk pri\u010del\u00a0 ob 8. uri, razen za u\u010dence 1. razreda. Vsi u\u010denci prinesete s sabo \u0161olske torbe, ker boste ta dan dobili u\u010dbenike. Zjutraj bodo avtobusi vozili po voznem redu, ki je veljal lansko \u0161olsko leto in ga najdete tukaj.\u00a0 Na avtobusu [&hellip;]<\/p>\n","protected":false},"author":5705,"featured_media":0,"comment_status":"closed","ping_status":"closed","sticky":false,"template":"","format":"standard","meta":{"_et_pb_use_builder":"","_et_pb_old_content":"","_et_gb_content_width":"","ngg_post_thumbnail":0,"footnotes":"","_expiration-date-status":"","_expiration-date":0,"_expiration-date-type":"","_expiration-date-categories":[],"_expiration-date-options":[]},"categories":[9],"tags":[],"class_list":["post-12707","post","type-post","status-publish","format-standard","hentry","category-aktualno","et-doesnt-have-format-content","et_post_format-et-post-format-standard"],"_links":{"self":[{"href":"https:\/\/www.os-slivnica.si\/index.php?rest_route=\/wp\/v2\/posts\/12707","targetHints":{"allow":["GET"]}}],"collection":[{"href":"https:\/\/www.os-slivnica.si\/index.php?rest_route=\/wp\/v2\/posts"}],"about":[{"href":"https:\/\/www.os-slivnica.si\/index.php?rest_route=\/wp\/v2\/types\/post"}],"author":[{"embeddable":true,"href":"https:\/\/www.os-slivnica.si\/index.php?rest_route=\/wp\/v2\/users\/5705"}],"replies":[{"embeddable":true,"href":"https:\/\/www.os-slivnica.si\/index.php?rest_route=%2Fwp%2Fv2%2Fcomments&post=12707"}],"version-history":[{"count":4,"href":"https:\/\/www.os-slivnica.si\/index.php?rest_route=\/wp\/v2\/posts\/12707\/revisions"}],"predecessor-version":[{"id":12717,"href":"https:\/\/www.os-slivnica.si\/index.php?rest_route=\/wp\/v2\/posts\/12707\/revisions\/12717"}],"wp:attachment":[{"href":"https:\/\/www.os-slivnica.si\/index.php?rest_route=%2Fwp%2Fv2%2Fmedia&parent=12707"}],"wp:term":[{"taxonomy":"category","embeddable":true,"href":"https:\/\/www.os-slivnica.si\/index.php?rest_route=%2Fwp%2Fv2%2Fcategories&post=12707"},{"taxonomy":"post_tag","embeddable":true,"href":"https:\/\/www.os-slivnica.si\/index.php?rest_route=%2Fwp%2Fv2%2Ftags&post=12707"}],"curies":[{"name":"wp","href":"https:\/\/api.w.org\/{rel}","templated":true}]}}