{"id":12683,"date":"2020-08-29T13:55:20","date_gmt":"2020-08-29T11:55:20","guid":{"rendered":"http:\/\/slivnica.splet.arnes.si\/?p=12683"},"modified":"2020-08-29T14:06:02","modified_gmt":"2020-08-29T12:06:02","slug":"prvi-solski-dan-v-loki-3","status":"publish","type":"post","link":"https:\/\/www.os-slivnica.si\/?p=12683","title":{"rendered":"Prvi \u0161olski dan v Loki"},"content":{"rendered":"<h6 style=\"text-align: left\"><em>Po\u010ditnic je konec in kmalu zazvonil \u0161olski bo zvonec.<\/em><\/h6>\n<h6 style=\"text-align: left\"><em>Spet se bomo u\u010dili in trudili ter se \u0161olskih dogodiv\u0161\u010din veselili.<\/em><\/h6>\n<h6><a href=\"http:\/\/slivnica.splet.arnes.si\/files\/2020\/08\/slikca.png\"><img loading=\"lazy\" decoding=\"async\" class=\"alignnone wp-image-12687\" src=\"http:\/\/slivnica.splet.arnes.si\/files\/2020\/08\/slikca-300x206.png\" alt=\"\" width=\"191\" height=\"131\" \/><\/a><\/h6>\n<p>&nbsp;<\/p>\n<p>Spo\u0161tovani u\u010denci in star\u0161i!<\/p>\n<p>Pouk v na\u0161i podru\u017enici se bo na prvi \u0161olski dan<strong>, 1. septembra 2020, <\/strong>pri\u010del ob\u00a0<strong>8. uri. <\/strong><\/p>\n<p>\u0160olski avtobusi bodo zjutraj vozili po voznem redu, ki je veljal \u017ee v lanskem \u0161olskem letu.<\/p>\n<p>Organizirano bo jutranje varstvo in podalj\u0161ano bivanje, seveda pa tudi obroki prehrane (malica, kosilo).<\/p>\n<p>Pouk se bo kon\u010dal ob 11. uri. Odhod avtobusa je na\u010drtovan ob 11.30 iz Loke.<\/p>\n<p><strong>Prvo\u0161olci\u00a0<\/strong>so v \u0161olo vabljeni\u00a0ob<strong>\u00a010.30<\/strong>, ob 12.15 jih bosta obiskala \u0161e \u017eupan mag. Marko Diaci ter ravnateljica \u0161ole.<\/p>\n<p>Veselimo se sre\u010danja z vami!<\/p>\n<p>&nbsp;<\/p>\n<p>&nbsp;<\/p>\n","protected":false},"excerpt":{"rendered":"<p>Po\u010ditnic je konec in kmalu zazvonil \u0161olski bo zvonec. Spet se bomo u\u010dili in trudili ter se \u0161olskih dogodiv\u0161\u010din veselili. &nbsp; Spo\u0161tovani u\u010denci in star\u0161i! Pouk v na\u0161i podru\u017enici se bo na prvi \u0161olski dan, 1. septembra 2020, pri\u010del ob\u00a08. uri. \u0160olski avtobusi bodo zjutraj vozili po voznem redu, ki je veljal \u017ee v lanskem [&hellip;]<\/p>\n","protected":false},"author":5997,"featured_media":0,"comment_status":"closed","ping_status":"closed","sticky":false,"template":"","format":"standard","meta":{"_et_pb_use_builder":"","_et_pb_old_content":"","_et_gb_content_width":"","ngg_post_thumbnail":0,"footnotes":"","_expiration-date-status":"","_expiration-date":0,"_expiration-date-type":"","_expiration-date-categories":[],"_expiration-date-options":[]},"categories":[9,10],"tags":[],"class_list":["post-12683","post","type-post","status-publish","format-standard","hentry","category-aktualno","category-ps-loka","et-doesnt-have-format-content","et_post_format-et-post-format-standard"],"_links":{"self":[{"href":"https:\/\/www.os-slivnica.si\/index.php?rest_route=\/wp\/v2\/posts\/12683","targetHints":{"allow":["GET"]}}],"collection":[{"href":"https:\/\/www.os-slivnica.si\/index.php?rest_route=\/wp\/v2\/posts"}],"about":[{"href":"https:\/\/www.os-slivnica.si\/index.php?rest_route=\/wp\/v2\/types\/post"}],"author":[{"embeddable":true,"href":"https:\/\/www.os-slivnica.si\/index.php?rest_route=\/wp\/v2\/users\/5997"}],"replies":[{"embeddable":true,"href":"https:\/\/www.os-slivnica.si\/index.php?rest_route=%2Fwp%2Fv2%2Fcomments&post=12683"}],"version-history":[{"count":4,"href":"https:\/\/www.os-slivnica.si\/index.php?rest_route=\/wp\/v2\/posts\/12683\/revisions"}],"predecessor-version":[{"id":12695,"href":"https:\/\/www.os-slivnica.si\/index.php?rest_route=\/wp\/v2\/posts\/12683\/revisions\/12695"}],"wp:attachment":[{"href":"https:\/\/www.os-slivnica.si\/index.php?rest_route=%2Fwp%2Fv2%2Fmedia&parent=12683"}],"wp:term":[{"taxonomy":"category","embeddable":true,"href":"https:\/\/www.os-slivnica.si\/index.php?rest_route=%2Fwp%2Fv2%2Fcategories&post=12683"},{"taxonomy":"post_tag","embeddable":true,"href":"https:\/\/www.os-slivnica.si\/index.php?rest_route=%2Fwp%2Fv2%2Ftags&post=12683"}],"curies":[{"name":"wp","href":"https:\/\/api.w.org\/{rel}","templated":true}]}}