{"id":12659,"date":"2020-08-26T16:48:49","date_gmt":"2020-08-26T14:48:49","guid":{"rendered":"http:\/\/slivnica.splet.arnes.si\/?p=12659"},"modified":"2020-08-27T06:44:24","modified_gmt":"2020-08-27T04:44:24","slug":"zacetek-solskega-leta-2020-2021","status":"publish","type":"post","link":"https:\/\/www.os-slivnica.si\/?p=12659","title":{"rendered":"Za\u010detek \u0161olskega leta 2020\/2021"},"content":{"rendered":"\r\n<p>Spo\u0161tovani star\u0161i in u\u010denci!<\/p>\r\n\r\n\r\n\r\n<p>V torek, 1. 9. 2020, za\u010denjamo s poukom na mati\u010dni \u0161oli in podru\u017enicah. Na \u0161oli pripravljamo vse potrebno za za\u010detek \u0161olskega leta in se veselimo, da se sre\u010damo v \u0161oli.<\/p>\r\n\r\n\r\n\r\n<p>Pouk se bo izvajal po <strong>modelu B<\/strong>:<\/p>\r\n\r\n\r\n\r\n<ul class=\"wp-block-list\">\r\n<li>vsi u\u010denci bodo imeli pouk v \u0161oli, izvajali bomo tudi druge dejavnosti (jutranje varstvo, podalj\u0161ano bivanje, neobvezne in obvezne izbirne predmete, interesne dejavnosti &#8230;), pri tem pa veljajo omejitve, ki se nana\u0161ajo na vzdr\u017eevanje higienskega re\u017eima ter izvajanje preventivnih ukrepov,<\/li>\r\n<li>u\u010denci od 6. do 9. razreda bodo pri gibanju izven mati\u010dnih u\u010dilnic uporabljali maske,<\/li>\r\n<li>organizirana bo \u0161olska prehrana,<\/li>\r\n<li>organiziran je \u0161olski prevoz, pri \u010demer velja, da je dovoljena polna zasedenost sedi\u0161\u010d v avtobusih, obvezna pa je uporaba za\u0161\u010ditnih mask za voznika in vse potnike.<\/li>\r\n<\/ul>\r\n\r\n\r\n\r\n<p>Spo\u0161tovani star\u0161i, da bomo lahko uspe\u0161no za\u010deli in nadaljevali \u0161olsko leto vas obve\u0161\u010damo, da <strong>je zelo pomembno, da v \u0161olo vstopajo samo zdravi u\u010denci.<\/strong> Obve\u0161\u010damo vas, da ob pri\u010detku \u0161olskega leta <strong>ni potrebno<\/strong> podajati izjav o zdravstvenem stanju otrok.<\/p>\r\n<p>Na kaj pa\u00a0 morate biti pozorni, najdete v dopisu MIZ\u0160 <a href=\"http:\/\/slivnica.splet.arnes.si\/files\/2020\/08\/Dopis-\u0161ole-star\u0161em-pred-pri\u010detkom-\u0161ole.pdf\" target=\"_blank\" rel=\"noopener noreferrer\">tukaj.<\/a><\/p>\r\n\r\n\r\n\r\n<p>V prihodnjih dneh vam bomo posredovali \u0161e podatke o poteku pouka 1. \u0161olski dan.<\/p>\r\n\r\n\r\n\r\n<p>Ravnateljica Marjeta Ko\u0161ak<\/p>\r\n","protected":false},"excerpt":{"rendered":"<p>Spo\u0161tovani star\u0161i in u\u010denci! V torek, 1. 9. 2020, za\u010denjamo s poukom na mati\u010dni \u0161oli in podru\u017enicah. Na \u0161oli pripravljamo vse potrebno za za\u010detek \u0161olskega leta in se veselimo, da se sre\u010damo v \u0161oli. Pouk se bo izvajal po modelu B: vsi u\u010denci bodo imeli pouk v \u0161oli, izvajali bomo tudi druge dejavnosti (jutranje varstvo, [&hellip;]<\/p>\n","protected":false},"author":5705,"featured_media":0,"comment_status":"closed","ping_status":"closed","sticky":false,"template":"","format":"standard","meta":{"_et_pb_use_builder":"off","_et_pb_old_content":"","_et_gb_content_width":"","ngg_post_thumbnail":0,"footnotes":"","_expiration-date-status":"","_expiration-date":0,"_expiration-date-type":"","_expiration-date-categories":[],"_expiration-date-options":[]},"categories":[9],"tags":[],"class_list":["post-12659","post","type-post","status-publish","format-standard","hentry","category-aktualno","et-doesnt-have-format-content","et_post_format-et-post-format-standard"],"_links":{"self":[{"href":"https:\/\/www.os-slivnica.si\/index.php?rest_route=\/wp\/v2\/posts\/12659","targetHints":{"allow":["GET"]}}],"collection":[{"href":"https:\/\/www.os-slivnica.si\/index.php?rest_route=\/wp\/v2\/posts"}],"about":[{"href":"https:\/\/www.os-slivnica.si\/index.php?rest_route=\/wp\/v2\/types\/post"}],"author":[{"embeddable":true,"href":"https:\/\/www.os-slivnica.si\/index.php?rest_route=\/wp\/v2\/users\/5705"}],"replies":[{"embeddable":true,"href":"https:\/\/www.os-slivnica.si\/index.php?rest_route=%2Fwp%2Fv2%2Fcomments&post=12659"}],"version-history":[{"count":3,"href":"https:\/\/www.os-slivnica.si\/index.php?rest_route=\/wp\/v2\/posts\/12659\/revisions"}],"predecessor-version":[{"id":12671,"href":"https:\/\/www.os-slivnica.si\/index.php?rest_route=\/wp\/v2\/posts\/12659\/revisions\/12671"}],"wp:attachment":[{"href":"https:\/\/www.os-slivnica.si\/index.php?rest_route=%2Fwp%2Fv2%2Fmedia&parent=12659"}],"wp:term":[{"taxonomy":"category","embeddable":true,"href":"https:\/\/www.os-slivnica.si\/index.php?rest_route=%2Fwp%2Fv2%2Fcategories&post=12659"},{"taxonomy":"post_tag","embeddable":true,"href":"https:\/\/www.os-slivnica.si\/index.php?rest_route=%2Fwp%2Fv2%2Ftags&post=12659"}],"curies":[{"name":"wp","href":"https:\/\/api.w.org\/{rel}","templated":true}]}}