{"id":12633,"date":"2020-06-25T19:25:26","date_gmt":"2020-06-25T17:25:26","guid":{"rendered":"http:\/\/slivnica.splet.arnes.si\/?p=12633"},"modified":"2020-06-25T20:00:54","modified_gmt":"2020-06-25T18:00:54","slug":"adijo-sola-pozdravljene-pocitnice-in-srecno-devetosolci","status":"publish","type":"post","link":"https:\/\/www.os-slivnica.si\/?p=12633","title":{"rendered":"Adijo \u0161ola, pozdravljene po\u010ditnice in sre\u010dno deveto\u0161olci"},"content":{"rendered":"<p>&#8230; se je sli\u0161alo po hodnikih zadnje \u0161olske dni v Gorici. Za nami je \u0161e eno uspe\u0161no \u0161olsko leto. Tudi tokrat smo zadnji \u0161olski dan namenili (video)proslavi ob dr\u017eavnem prazniku in pozdravili prihajajo\u010de po\u010ditnice. \u017delimo vam ene super po\u010ditnice, na\u0161i dr\u017eavi Soveniji pa, <a href=\"https:\/\/www.youtube.com\/watch?v=wZnL5_w-DyM\" target=\"_blank\">vse najbolj\u0161e! <\/a><\/p>\n<p>15. junija so se od nas poslovili tudi deveto\u0161olci, ki so nam pripravili \u010dudovito valeto. Popeljali so nas skozi vseh devet let \u0161olanja na O\u0160 Slivnica pri Celju ter podru\u017eni\u010dnih \u0161ol Loke pri \u017dusmu in Prevorja. Program so obogatili z glasbenimi to\u010dkami, svojimi razmi\u0161ljanji in ga zaklji\u010dili s plesom s star\u0161i. Dva dni kasneje so se najbolj\u0161i deveto\u0161olci zbrali na sprejemu pri \u017eupanu, kjer so prejeli posebna ob\u010dinska priznanja.<\/p>\n<p>Vsem iskreno \u010destitamo in jim \u017eelimo vse dobro na novih poteh.<\/p>\nngg_shortcode_0_placeholder\n<p>&nbsp;<\/p>\n","protected":false},"excerpt":{"rendered":"<p>&#8230; se je sli\u0161alo po hodnikih zadnje \u0161olske dni v Gorici. Za nami je \u0161e eno uspe\u0161no \u0161olsko leto. Tudi tokrat smo zadnji \u0161olski dan namenili (video)proslavi ob dr\u017eavnem prazniku in pozdravili prihajajo\u010de po\u010ditnice. \u017delimo vam ene super po\u010ditnice, na\u0161i dr\u017eavi Soveniji pa, vse najbolj\u0161e! 15. junija so se od nas poslovili tudi deveto\u0161olci, ki [&hellip;]<\/p>\n","protected":false},"author":5704,"featured_media":0,"comment_status":"closed","ping_status":"closed","sticky":false,"template":"","format":"standard","meta":{"_et_pb_use_builder":"","_et_pb_old_content":"","_et_gb_content_width":"","ngg_post_thumbnail":0,"footnotes":"","_expiration-date-status":"","_expiration-date":0,"_expiration-date-type":"","_expiration-date-categories":[],"_expiration-date-options":[]},"categories":[9],"tags":[],"class_list":["post-12633","post","type-post","status-publish","format-standard","hentry","category-aktualno","et-doesnt-have-format-content","et_post_format-et-post-format-standard"],"_links":{"self":[{"href":"https:\/\/www.os-slivnica.si\/index.php?rest_route=\/wp\/v2\/posts\/12633","targetHints":{"allow":["GET"]}}],"collection":[{"href":"https:\/\/www.os-slivnica.si\/index.php?rest_route=\/wp\/v2\/posts"}],"about":[{"href":"https:\/\/www.os-slivnica.si\/index.php?rest_route=\/wp\/v2\/types\/post"}],"author":[{"embeddable":true,"href":"https:\/\/www.os-slivnica.si\/index.php?rest_route=\/wp\/v2\/users\/5704"}],"replies":[{"embeddable":true,"href":"https:\/\/www.os-slivnica.si\/index.php?rest_route=%2Fwp%2Fv2%2Fcomments&post=12633"}],"version-history":[{"count":5,"href":"https:\/\/www.os-slivnica.si\/index.php?rest_route=\/wp\/v2\/posts\/12633\/revisions"}],"predecessor-version":[{"id":12643,"href":"https:\/\/www.os-slivnica.si\/index.php?rest_route=\/wp\/v2\/posts\/12633\/revisions\/12643"}],"wp:attachment":[{"href":"https:\/\/www.os-slivnica.si\/index.php?rest_route=%2Fwp%2Fv2%2Fmedia&parent=12633"}],"wp:term":[{"taxonomy":"category","embeddable":true,"href":"https:\/\/www.os-slivnica.si\/index.php?rest_route=%2Fwp%2Fv2%2Fcategories&post=12633"},{"taxonomy":"post_tag","embeddable":true,"href":"https:\/\/www.os-slivnica.si\/index.php?rest_route=%2Fwp%2Fv2%2Ftags&post=12633"}],"curies":[{"name":"wp","href":"https:\/\/api.w.org\/{rel}","templated":true}]}}