{"id":12613,"date":"2020-06-25T14:12:46","date_gmt":"2020-06-25T12:12:46","guid":{"rendered":"http:\/\/slivnica.splet.arnes.si\/?p=12613"},"modified":"2020-10-18T11:06:37","modified_gmt":"2020-10-18T09:06:37","slug":"proslava-ob-zakljucku-solskega-leta-in-dnevu-drzavnosti-v-loki","status":"publish","type":"post","link":"https:\/\/www.os-slivnica.si\/?p=12613","title":{"rendered":"Proslava ob zaklju\u010dku \u0161olskega leta in dnevu dr\u017eavnosti v Loki"},"content":{"rendered":"<p>Zadnji \u0161olski dan smo u\u010denci podru\u017enice pripravili proslavo, na kateri smo poleg zaklju\u010dka pouka obele\u017eili tudi dan dr\u017eavnosti. Skozi celotno prireditev so nas popeljali na\u0161i peto\u0161olci, \u017dana, Alja\u017e, Tadej in Lukas. Poleg to\u010dk deklamacij, plesa in petja, smo tokrat pripravili tudi nekaj film\u010dkov, ki smo jih posneli vnaprej.<\/p>\n<p>Enega od film\u010dkov, ki smo jih na skrivaj snemali, delimo z vami. \u0160olsko leto smo zaklju\u010dili z iskrico v o\u010deh, nasmehom na obrazu in v pri\u010dakovanju pravih po\u010ditnic. Tokrat brez pouka na daljavo \ud83d\ude42<\/p>\nngg_shortcode_0_placeholder\n<p>&nbsp;<\/p>\n<p><iframe loading=\"lazy\" title=\"Pouk na daljavo\" width=\"1080\" height=\"608\" src=\"https:\/\/www.youtube.com\/embed\/R3yjnthnxVI?feature=oembed\" frameborder=\"0\" allow=\"accelerometer; autoplay; clipboard-write; encrypted-media; gyroscope; picture-in-picture\" allowfullscreen><\/iframe><\/p>\n","protected":false},"excerpt":{"rendered":"<p>Zadnji \u0161olski dan smo u\u010denci podru\u017enice pripravili proslavo, na kateri smo poleg zaklju\u010dka pouka obele\u017eili tudi dan dr\u017eavnosti. Skozi celotno prireditev so nas popeljali na\u0161i peto\u0161olci, \u017dana, Alja\u017e, Tadej in Lukas. Poleg to\u010dk deklamacij, plesa in petja, smo tokrat pripravili tudi nekaj film\u010dkov, ki smo jih posneli vnaprej. Enega od film\u010dkov, ki smo jih na [&hellip;]<\/p>\n","protected":false},"author":36773,"featured_media":0,"comment_status":"closed","ping_status":"closed","sticky":false,"template":"","format":"standard","meta":{"_et_pb_use_builder":"","_et_pb_old_content":"","_et_gb_content_width":"","ngg_post_thumbnail":0,"footnotes":"","_expiration-date-status":"","_expiration-date":0,"_expiration-date-type":"","_expiration-date-categories":[],"_expiration-date-options":[]},"categories":[9,10],"tags":[39,41],"class_list":["post-12613","post","type-post","status-publish","format-standard","hentry","category-aktualno","category-ps-loka","tag-konec-solskega-leta","tag-zakljucna-prireditev","et-doesnt-have-format-content","et_post_format-et-post-format-standard"],"_links":{"self":[{"href":"https:\/\/www.os-slivnica.si\/index.php?rest_route=\/wp\/v2\/posts\/12613","targetHints":{"allow":["GET"]}}],"collection":[{"href":"https:\/\/www.os-slivnica.si\/index.php?rest_route=\/wp\/v2\/posts"}],"about":[{"href":"https:\/\/www.os-slivnica.si\/index.php?rest_route=\/wp\/v2\/types\/post"}],"author":[{"embeddable":true,"href":"https:\/\/www.os-slivnica.si\/index.php?rest_route=\/wp\/v2\/users\/36773"}],"replies":[{"embeddable":true,"href":"https:\/\/www.os-slivnica.si\/index.php?rest_route=%2Fwp%2Fv2%2Fcomments&post=12613"}],"version-history":[{"count":10,"href":"https:\/\/www.os-slivnica.si\/index.php?rest_route=\/wp\/v2\/posts\/12613\/revisions"}],"predecessor-version":[{"id":13333,"href":"https:\/\/www.os-slivnica.si\/index.php?rest_route=\/wp\/v2\/posts\/12613\/revisions\/13333"}],"wp:attachment":[{"href":"https:\/\/www.os-slivnica.si\/index.php?rest_route=%2Fwp%2Fv2%2Fmedia&parent=12613"}],"wp:term":[{"taxonomy":"category","embeddable":true,"href":"https:\/\/www.os-slivnica.si\/index.php?rest_route=%2Fwp%2Fv2%2Fcategories&post=12613"},{"taxonomy":"post_tag","embeddable":true,"href":"https:\/\/www.os-slivnica.si\/index.php?rest_route=%2Fwp%2Fv2%2Ftags&post=12613"}],"curies":[{"name":"wp","href":"https:\/\/api.w.org\/{rel}","templated":true}]}}