{"id":12601,"date":"2020-06-25T09:56:52","date_gmt":"2020-06-25T07:56:52","guid":{"rendered":"http:\/\/slivnica.splet.arnes.si\/?p=12601"},"modified":"2020-06-25T10:13:50","modified_gmt":"2020-06-25T08:13:50","slug":"12601","status":"publish","type":"post","link":"https:\/\/www.os-slivnica.si\/?p=12601","title":{"rendered":"20 LET NOVE \u0160OLSKE ZGRADBE NA PREVORJU"},"content":{"rendered":"<div style=\"width: 275px\" class=\"wp-caption aligncenter\"><img loading=\"lazy\" decoding=\"async\" class=\"gs-image gs-image-scalable\" title=\"Podru\u017eni\u010dna osnovna \u0161ola Prevorje - Prevorje.si\" src=\"https:\/\/encrypted-tbn0.gstatic.com\/images?q=tbn:ANd9GcRet1r139-gUKzi-mWW6xI3r5iU0kaqUogc8KsHiaXS_PJvi6HY&amp;s\" alt=\"Podru\u017eni\u010dna osnovna \u0161ola Prevorje - Prevorje.si\" width=\"265\" height=\"180\" \/><p class=\"wp-caption-text\">20 LET P\u0160 PREVORJE<\/p><\/div>\n<h5 style=\"text-align: center\"><em><strong>Stoji u\u010dilna Prevorska,<\/strong><\/em><\/h5>\n<h5 style=\"text-align: center\"><em><strong>\u017ee <span style=\"color: #000000\">dvajset let,<\/span> je zidana.<\/strong><\/em><\/h5>\n<h5 style=\"text-align: center\"><em><strong>Vsi danes tukaj zbrani smo,<\/strong><\/em><\/h5>\n<h5 style=\"text-align: center\"><em><strong>da proslavimo obletnico.<\/strong><\/em><\/h5>\n<h5 style=\"text-align: center\"><em><strong>\u00a0\u00a0\u00a0\u00a0\u00a0\u00a0\u00a0\u00a0\u00a0\u00a0\u00a0\u00a0\u00a0\u00a0\u00a0\u00a0\u00a0\u00a0\u00a0\u00a0\u00a0\u00a0\u00a0\u00a0\u00a0\u00a0\u00a0\u00a0\u00a0\u00a0\u00a0\u00a0\u00a0\u00a0\u00a0\u00a0\u00a0\u00a0\u00a0\u00a0\u00a0\u00a0\u00a0\u00a0\u00a0\u00a0\u00a0\u00a0\u00a0\u00a0\u00a0\u00a0\u00a0\u00a0\u00a0\u00a0\u00a0\u00a0\u00a0\u00a0\u00a0\u00a0\u00a0\u00a0\u00a0<\/strong>\u00a0<\/em> <em>(ljudska; priredila: M. Kramer)<\/em><\/h5>\n<p><strong><span style=\"color: #000000\">24. junija<\/span>,<\/strong> dan pred<span style=\"color: #000000\"> <strong>dnevom dr\u017eavnosti,<\/strong><\/span> smo <span style=\"color: #000000\"><em><strong>proslavili 20 LET nove \u0161olske zgradbe na Prevorju.<\/strong><\/em><\/span> Z izdajo zbornika, krasno fotografsko razstavo in bogatim ter zanimivim kulturnim programom smo poskrbeli, da se je marsikomu orosilo oko.<\/p>\n<p><em><strong>HVALA vsem, ki ste kakorkoli pripomogli k na\u0161emu uspehu!<\/strong><\/em><\/p>\n<p style=\"text-align: center\">ngg_shortcode_0_placeholder<\/p>\n","protected":false},"excerpt":{"rendered":"<p>Stoji u\u010dilna Prevorska, \u017ee dvajset let, je zidana. Vsi danes tukaj zbrani smo, da proslavimo obletnico. \u00a0\u00a0\u00a0\u00a0\u00a0\u00a0\u00a0\u00a0\u00a0\u00a0\u00a0\u00a0\u00a0\u00a0\u00a0\u00a0\u00a0\u00a0\u00a0\u00a0\u00a0\u00a0\u00a0\u00a0\u00a0\u00a0\u00a0\u00a0\u00a0\u00a0\u00a0\u00a0\u00a0\u00a0\u00a0\u00a0\u00a0\u00a0\u00a0\u00a0\u00a0\u00a0\u00a0\u00a0\u00a0\u00a0\u00a0\u00a0\u00a0\u00a0\u00a0\u00a0\u00a0\u00a0\u00a0\u00a0\u00a0\u00a0\u00a0\u00a0\u00a0\u00a0\u00a0\u00a0\u00a0\u00a0 (ljudska; priredila: M. Kramer) 24. junija, dan pred dnevom dr\u017eavnosti, smo proslavili 20 LET nove \u0161olske zgradbe na Prevorju. Z izdajo zbornika, krasno fotografsko razstavo in bogatim ter zanimivim kulturnim programom smo poskrbeli, da se je marsikomu orosilo [&hellip;]<\/p>\n","protected":false},"author":6009,"featured_media":0,"comment_status":"closed","ping_status":"closed","sticky":false,"template":"","format":"standard","meta":{"_et_pb_use_builder":"","_et_pb_old_content":"","_et_gb_content_width":"","ngg_post_thumbnail":0,"footnotes":"","_expiration-date-status":"","_expiration-date":0,"_expiration-date-type":"","_expiration-date-categories":[],"_expiration-date-options":[]},"categories":[9,11],"tags":[],"class_list":["post-12601","post","type-post","status-publish","format-standard","hentry","category-aktualno","category-ps-prevorje","et-doesnt-have-format-content","et_post_format-et-post-format-standard"],"_links":{"self":[{"href":"https:\/\/www.os-slivnica.si\/index.php?rest_route=\/wp\/v2\/posts\/12601","targetHints":{"allow":["GET"]}}],"collection":[{"href":"https:\/\/www.os-slivnica.si\/index.php?rest_route=\/wp\/v2\/posts"}],"about":[{"href":"https:\/\/www.os-slivnica.si\/index.php?rest_route=\/wp\/v2\/types\/post"}],"author":[{"embeddable":true,"href":"https:\/\/www.os-slivnica.si\/index.php?rest_route=\/wp\/v2\/users\/6009"}],"replies":[{"embeddable":true,"href":"https:\/\/www.os-slivnica.si\/index.php?rest_route=%2Fwp%2Fv2%2Fcomments&post=12601"}],"version-history":[{"count":5,"href":"https:\/\/www.os-slivnica.si\/index.php?rest_route=\/wp\/v2\/posts\/12601\/revisions"}],"predecessor-version":[{"id":12611,"href":"https:\/\/www.os-slivnica.si\/index.php?rest_route=\/wp\/v2\/posts\/12601\/revisions\/12611"}],"wp:attachment":[{"href":"https:\/\/www.os-slivnica.si\/index.php?rest_route=%2Fwp%2Fv2%2Fmedia&parent=12601"}],"wp:term":[{"taxonomy":"category","embeddable":true,"href":"https:\/\/www.os-slivnica.si\/index.php?rest_route=%2Fwp%2Fv2%2Fcategories&post=12601"},{"taxonomy":"post_tag","embeddable":true,"href":"https:\/\/www.os-slivnica.si\/index.php?rest_route=%2Fwp%2Fv2%2Ftags&post=12601"}],"curies":[{"name":"wp","href":"https:\/\/api.w.org\/{rel}","templated":true}]}}