{"id":12477,"date":"2020-06-14T15:02:54","date_gmt":"2020-06-14T13:02:54","guid":{"rendered":"http:\/\/slivnica.splet.arnes.si\/?p=12477"},"modified":"2020-06-15T09:34:59","modified_gmt":"2020-06-15T07:34:59","slug":"sportni-in-tehniski-dan-v-loki","status":"publish","type":"post","link":"https:\/\/www.os-slivnica.si\/?p=12477","title":{"rendered":"Naravoslovni dan v Loki"},"content":{"rendered":"<p>V petek, 12. junija, smo imeli v Loki zelo pestro. U\u010denci\u00a0celotne \u0161ole smo namre\u010d imeli naravoslovni dan.<\/p>\n<p>Naravoslovni dan 4. in 5. razreda je v celoti potekal na travniku in v gozdu. U\u010denci so raziskovali in spoznavali tamkaj\u0161njo floro in favno, se urili v grajenju gozdnih bivakov, iz naravnega materiala pa so izdelovali tudi razli\u010dna orodja.<\/p>\n<p>Naravoslovni dan 1., 2. in 3. razreda se je za\u010del\u00a0v razredu. U\u010denci so se spoznali s projektom Tek podnebne solidarnosti, katerega glavni namen je, da u\u010denci v solidarnosti do ljudi v Afriki, ki jih posledice globalnih sprememb najbolj prizadenejo (kljub temu, da s svojim na\u010dinom \u017eivljenja k njim najmanj prispevajo), prete\u010dejo \u010dim ve\u010d kilometrov.\u00a0 Spoznali so zgodbi de\u010dka Nangira in deklice Rosene. Izdelali so tudi roke z osebnimi sporo\u010dili \u0161irnemu svetu ter trakove, s katerimi so nato k projektu prispevali \u0161e zadnje kilometre. Skupaj smo pretekli kar 28,7 km!<\/p>\n<p>Po kon\u010danem teku solidarnosti\u00a0smo se vsi razredi podru\u017enice zdru\u017eili v gozdu, kjer smo u\u017eivali v brezskrbni igri v naravi.<\/p>\n<p><iframe loading=\"lazy\" width=\"1080\" height=\"608\" src=\"https:\/\/www.youtube.com\/embed\/wbCjaxWZCQs?feature=oembed\" frameborder=\"0\" allow=\"accelerometer; autoplay; encrypted-media; gyroscope; picture-in-picture\" allowfullscreen><\/iframe><\/p>\n","protected":false},"excerpt":{"rendered":"<p>V petek, 12. junija, smo imeli v Loki zelo pestro. U\u010denci\u00a0celotne \u0161ole smo namre\u010d imeli naravoslovni dan. Naravoslovni dan 4. in 5. razreda je v celoti potekal na travniku in v gozdu. U\u010denci so raziskovali in spoznavali tamkaj\u0161njo floro in favno, se urili v grajenju gozdnih bivakov, iz naravnega materiala pa so izdelovali tudi razli\u010dna [&hellip;]<\/p>\n","protected":false},"author":36773,"featured_media":0,"comment_status":"closed","ping_status":"closed","sticky":false,"template":"","format":"standard","meta":{"_et_pb_use_builder":"","_et_pb_old_content":"","_et_gb_content_width":"","ngg_post_thumbnail":0,"footnotes":"","_expiration-date-status":"","_expiration-date":0,"_expiration-date-type":"","_expiration-date-categories":[],"_expiration-date-options":[]},"categories":[9,10],"tags":[],"class_list":["post-12477","post","type-post","status-publish","format-standard","hentry","category-aktualno","category-ps-loka","et-doesnt-have-format-content","et_post_format-et-post-format-standard"],"_links":{"self":[{"href":"https:\/\/www.os-slivnica.si\/index.php?rest_route=\/wp\/v2\/posts\/12477","targetHints":{"allow":["GET"]}}],"collection":[{"href":"https:\/\/www.os-slivnica.si\/index.php?rest_route=\/wp\/v2\/posts"}],"about":[{"href":"https:\/\/www.os-slivnica.si\/index.php?rest_route=\/wp\/v2\/types\/post"}],"author":[{"embeddable":true,"href":"https:\/\/www.os-slivnica.si\/index.php?rest_route=\/wp\/v2\/users\/36773"}],"replies":[{"embeddable":true,"href":"https:\/\/www.os-slivnica.si\/index.php?rest_route=%2Fwp%2Fv2%2Fcomments&post=12477"}],"version-history":[{"count":6,"href":"https:\/\/www.os-slivnica.si\/index.php?rest_route=\/wp\/v2\/posts\/12477\/revisions"}],"predecessor-version":[{"id":12489,"href":"https:\/\/www.os-slivnica.si\/index.php?rest_route=\/wp\/v2\/posts\/12477\/revisions\/12489"}],"wp:attachment":[{"href":"https:\/\/www.os-slivnica.si\/index.php?rest_route=%2Fwp%2Fv2%2Fmedia&parent=12477"}],"wp:term":[{"taxonomy":"category","embeddable":true,"href":"https:\/\/www.os-slivnica.si\/index.php?rest_route=%2Fwp%2Fv2%2Fcategories&post=12477"},{"taxonomy":"post_tag","embeddable":true,"href":"https:\/\/www.os-slivnica.si\/index.php?rest_route=%2Fwp%2Fv2%2Ftags&post=12477"}],"curies":[{"name":"wp","href":"https:\/\/api.w.org\/{rel}","templated":true}]}}