{"id":12425,"date":"2020-06-03T17:19:57","date_gmt":"2020-06-03T15:19:57","guid":{"rendered":"http:\/\/slivnica.splet.arnes.si\/?p=12425"},"modified":"2020-06-03T17:36:40","modified_gmt":"2020-06-03T15:36:40","slug":"pohod-po-dolini-bistrice-na-prevorju","status":"publish","type":"post","link":"https:\/\/www.os-slivnica.si\/?p=12425","title":{"rendered":"Pohod po dolini Bistrice na Prevorju"},"content":{"rendered":"<p><img decoding=\"async\" class=\"gs-image gs-image-scalable aligncenter\" title=\"Archives | NOVO - O\u0160 Dragomirja Ben\u010di\u010da - Brkina Hrpelje\" src=\"https:\/\/encrypted-tbn0.gstatic.com\/images?q=tbn:ANd9GcSznTKRAanP0Thfd5HEceuy81WDdGUhpGh8JPdvipbfDBmNJxeFFA&amp;s\" alt=\"Archives | NOVO - O\u0160 Dragomirja Ben\u010di\u010da - Brkina Hrpelje\" \/><\/p>\n<p style=\"text-align: center\">\u00a0<strong><em><span style=\"color: #000000\">\u00a0 Kaj odmeva mi korak,<\/span><\/em><\/strong><br \/>\n<strong><em><span style=\"color: #000000\">ko po stezi stopam?<\/span><\/em><\/strong><br \/>\n<strong><em><span style=\"color: #000000\">Dobra volja je najbolja,<\/span><\/em><\/strong><br \/>\nb<strong><em><span style=\"color: #000000\">odi dan na dan vesel,<\/span><\/em><\/strong><br \/>\n<strong><em><span style=\"color: #000000\">smej se, vriskaj, pesmi piskaj,<\/span><\/em><\/strong><br \/>\n<strong><em><span style=\"color: #000000\">\u00a0\u00a0\u00a0\u00a0\u00a0\u00a0\u00a0\u00a0\u00a0\u00a0\u00a0\u00a0\u00a0\u00a0\u00a0\u00a0\u00a0\u00a0 pa lahko bo\u0161 sre\u010do ujel.\u00a0\u00a0<\/span><\/em><\/strong><em><span style=\"color: #000000\">\u00a0<\/span><span style=\"color: #000000\"> (Fran Mili\u010dinski Je\u017eek<\/span><span style=\"color: #000000\">)<\/span><\/em><\/p>\n<p>Takole je odmevalo po Prevorju, ko so se u\u010denci prve triade skupaj z u\u010diteljicama odpravili na pohod po dolini Bistrice. \u0160portni dan smo pre\u017eiveli v prijetnem, son\u010dnem, junijskem dopoldnevu, se orientirali, si naredili kape iz lapuha, ki so nas \u0161\u010ditile pred soncem, pre\u010dkali brv, bo\u017eali konje in si ogledali ve\u010d kot 200 let staro hi\u0161o na Prevorju. Dobre volje in polni prijetnih do\u017eivetij smo se nato odpravili nazaj proti \u0161oli.<\/p>\n<p style=\"text-align: center\">ngg_shortcode_0_placeholder<\/p>\n","protected":false},"excerpt":{"rendered":"<p>\u00a0\u00a0 Kaj odmeva mi korak, ko po stezi stopam? Dobra volja je najbolja, bodi dan na dan vesel, smej se, vriskaj, pesmi piskaj, \u00a0\u00a0\u00a0\u00a0\u00a0\u00a0\u00a0\u00a0\u00a0\u00a0\u00a0\u00a0\u00a0\u00a0\u00a0\u00a0\u00a0\u00a0 pa lahko bo\u0161 sre\u010do ujel.\u00a0\u00a0\u00a0 (Fran Mili\u010dinski Je\u017eek) Takole je odmevalo po Prevorju, ko so se u\u010denci prve triade skupaj z u\u010diteljicama odpravili na pohod po dolini Bistrice. \u0160portni dan smo [&hellip;]<\/p>\n","protected":false},"author":6009,"featured_media":0,"comment_status":"closed","ping_status":"closed","sticky":false,"template":"","format":"standard","meta":{"_et_pb_use_builder":"","_et_pb_old_content":"","_et_gb_content_width":"","ngg_post_thumbnail":0,"footnotes":"","_expiration-date-status":"","_expiration-date":0,"_expiration-date-type":"","_expiration-date-categories":[],"_expiration-date-options":[]},"categories":[9,11],"tags":[],"class_list":["post-12425","post","type-post","status-publish","format-standard","hentry","category-aktualno","category-ps-prevorje","et-doesnt-have-format-content","et_post_format-et-post-format-standard"],"_links":{"self":[{"href":"https:\/\/www.os-slivnica.si\/index.php?rest_route=\/wp\/v2\/posts\/12425","targetHints":{"allow":["GET"]}}],"collection":[{"href":"https:\/\/www.os-slivnica.si\/index.php?rest_route=\/wp\/v2\/posts"}],"about":[{"href":"https:\/\/www.os-slivnica.si\/index.php?rest_route=\/wp\/v2\/types\/post"}],"author":[{"embeddable":true,"href":"https:\/\/www.os-slivnica.si\/index.php?rest_route=\/wp\/v2\/users\/6009"}],"replies":[{"embeddable":true,"href":"https:\/\/www.os-slivnica.si\/index.php?rest_route=%2Fwp%2Fv2%2Fcomments&post=12425"}],"version-history":[{"count":5,"href":"https:\/\/www.os-slivnica.si\/index.php?rest_route=\/wp\/v2\/posts\/12425\/revisions"}],"predecessor-version":[{"id":12435,"href":"https:\/\/www.os-slivnica.si\/index.php?rest_route=\/wp\/v2\/posts\/12425\/revisions\/12435"}],"wp:attachment":[{"href":"https:\/\/www.os-slivnica.si\/index.php?rest_route=%2Fwp%2Fv2%2Fmedia&parent=12425"}],"wp:term":[{"taxonomy":"category","embeddable":true,"href":"https:\/\/www.os-slivnica.si\/index.php?rest_route=%2Fwp%2Fv2%2Fcategories&post=12425"},{"taxonomy":"post_tag","embeddable":true,"href":"https:\/\/www.os-slivnica.si\/index.php?rest_route=%2Fwp%2Fv2%2Ftags&post=12425"}],"curies":[{"name":"wp","href":"https:\/\/api.w.org\/{rel}","templated":true}]}}