{"id":12417,"date":"2020-06-03T10:08:10","date_gmt":"2020-06-03T08:08:10","guid":{"rendered":"http:\/\/slivnica.splet.arnes.si\/?p=12417"},"modified":"2020-06-03T10:08:10","modified_gmt":"2020-06-03T08:08:10","slug":"letovanje-otrok-zambratija-in-kranjska-gora","status":"publish","type":"post","link":"https:\/\/www.os-slivnica.si\/?p=12417","title":{"rendered":"Letovanje otrok Zambratija in Kranjska Gora"},"content":{"rendered":"<p><strong><em>Ob\u010dinska Zveza Prijateljev Mladine \u0160entjur, Mestni trg 10, 3230 \u0160entjur<\/em><\/strong><\/p>\n<p><strong><em>TEL. 041 808 793<\/em><\/strong><\/p>\n<p>&nbsp;<\/p>\n<p><strong>Spo\u0161tovani star\u0161i <\/strong><\/p>\n<p>Kot vsako leto, tudi letos OB\u010cINSKA ZVEZA PRIJATELJEV MLADINE \u0160ENTJUR, organizira letovanje za \u0161olske otroke in mladostnike do 16. leta starosti. \u0160olarji\u00a0 bodo letovali v domovih ZPM Ljubljana Moste Polje, to je v <strong>ZAMBRATIJI in KRANJSKI GORI<\/strong>. To so edine kapacitete, ki so nam na razpolago, saj imajo vse ob\u010dine v Sloveniji svoje po\u010ditni\u0161ke zmogljivosti pokrite s svojimi otroki.<\/p>\n<p><strong>Izmene v katerih bodo letovali na\u0161i \u0161olarji: <\/strong><\/p>\n<p><strong>ZAMBRATIJA <\/strong><\/p>\n<ol>\n<li>izmena: <strong>13. 7. do 23<\/strong><strong>. 7. 2020<\/strong> &#8211; 7- 16 let &#8211; 300<strong> \u20ac, <\/strong><\/li>\n<li>izmena<strong>: 2. 8. do 12. 8. 2020<\/strong> &#8211; 7- 16 let &#8211; 300<strong> \u20ac.<\/strong><\/li>\n<\/ol>\n<p>Cene veljajo za vse otroke, ki imajo stalno prebivali\u0161\u010de v ob\u010dini \u0160entjur in Dobje, cena za ostale ob\u010dine\u00a0 zna\u0161a 350\u20ac.<\/p>\n<p><strong>KRANJSKA GORA &#8211;\u00a0 RAZGIBANE ANGLE\u0160KE PO\u010cITNICE<\/strong><\/p>\n<ol>\n<li><strong> izmena: 28.6. do 4.7. 2020 <\/strong><\/li>\n<li><strong> izmena: 12.7. do 18.7. 2020 <\/strong><\/li>\n<\/ol>\n<p>Cena letovanja zna\u0161a <strong>\u00a0195 \u20ac.<\/strong><\/p>\n<p>Vse prijavnice dobite pri svetovalni delavki in na internetni strani mati\u010dne \u0161ole. Prijavi obvezno prilo\u017eite <strong>odlo\u010dbo o otro\u0161kem dodatku,<\/strong> saj se ekonomska cena letovanja lahko \u0161e zni\u017ea glede na socialni status otroka in zdravstveno stanje. <strong>Zdravstveno letovanje<\/strong> je namenjeno vsem otrokom, ki pogosteje obolevajo in je subvencionirano s strani Zavoda za zdravstveno\u00a0 zavarovanje Slovenije. Pogoj je zdravstveni predlog, ki ga lahko pridobite pri otrokovem osebnem zdravniku. Do zdravstvenega letovanja je upravi\u010den otrok, ki je bil pogosteje bolan in ima to zabele\u017eeno v medicinski dokumentaciji ali je bil hospitaliziran. Osebni zdravnik na podlagi zdravstvene dokumentacije izda zdravni\u0161ko potrdilo in s tem lahko uveljavite \u00a0<strong>subvencijo do zdravstvenega letovanja. Zdravni\u0161ko potrdilo prilo\u017eite prijavnici in tako \u00a0uveljavite zni\u017eano pla\u010dilo. <\/strong>Vsi ostali otroci brez zdravstvenega predloga pla\u010dajo polno ceno, upo\u0161tevamo lahko le socialni status za zni\u017eanje pla\u010dila glede na dohodke dru\u017eine, kar je razvidno iz odlo\u010dbe o otro\u0161kem dodatku. <strong>Prijavnina zna\u0161a 10\u20ac in jo pla\u010date skupaj s prijavo.<\/strong><\/p>\n<p>Znesek, ki ga boste prejeli, boste lahko poravnali v dveh obrokih v mesecu juliju in v mesecu avgustu. <strong>Letovanje mora biti pla\u010dano do odhoda otroka na<\/strong> <strong>letovanje<\/strong>. V\u00a0 primeru finan\u010dnih te\u017eav, pokli\u010dite <strong>041 808 793<\/strong>, da se dogovorimo o odlogu pla\u010dila.<\/p>\n<p>Prijavnice za <strong>ZAMBRATIJO<\/strong> vrnite <strong>do 18.6. 2020, <\/strong><\/p>\n<p><strong>za KRANJSKO GORO do 15. 6.<\/strong> <strong>2020 <\/strong>va\u0161i svetovalni delavki. Ker smo v izredni \u010dasovni stiski zaradi nastale zdravstvene situacije, vas vljudno prosimo, da svojega otroka prijavite \u010dimprej.<\/p>\n<p>Vse opise programov si lahko ogledate na internetni strani <strong>ZPM MOSTE POLJE<\/strong>.<\/p>\n<p>\u017dELIMO, DA BI SE\u00a0 \u010cIMVE\u010c OTROK\u00a0 UDELE\u017dILO NA\u0160EGA LETOVANJA, SAJ BODO TAKO PRE\u017dIVELI DEL PO\u010cITNIC V BREZSKBNEM IN USTVARJALNEM VZDU\u0160JU.<\/p>\n<p>Albina Karmuzel, predsednica OZPM \u0160entjur<\/p>\n<p><a href=\"http:\/\/slivnica.splet.arnes.si\/files\/2020\/06\/PRIJAVNICA-letovanje-2020.docx\">PRIJAVNICA letovanje 2020<\/a><\/p>\n","protected":false},"excerpt":{"rendered":"<p>Ob\u010dinska Zveza Prijateljev Mladine \u0160entjur, Mestni trg 10, 3230 \u0160entjur TEL. 041 808 793 &nbsp; Spo\u0161tovani star\u0161i Kot vsako leto, tudi letos OB\u010cINSKA ZVEZA PRIJATELJEV MLADINE \u0160ENTJUR, organizira letovanje za \u0161olske otroke in mladostnike do 16. leta starosti. \u0160olarji\u00a0 bodo letovali v domovih ZPM Ljubljana Moste Polje, to je v ZAMBRATIJI in KRANJSKI GORI. To [&hellip;]<\/p>\n","protected":false},"author":7100,"featured_media":0,"comment_status":"closed","ping_status":"closed","sticky":false,"template":"","format":"standard","meta":{"_et_pb_use_builder":"","_et_pb_old_content":"","_et_gb_content_width":"","ngg_post_thumbnail":0,"footnotes":"","_expiration-date-status":"","_expiration-date":0,"_expiration-date-type":"","_expiration-date-categories":[],"_expiration-date-options":[]},"categories":[9],"tags":[],"class_list":["post-12417","post","type-post","status-publish","format-standard","hentry","category-aktualno","et-doesnt-have-format-content","et_post_format-et-post-format-standard"],"_links":{"self":[{"href":"https:\/\/www.os-slivnica.si\/index.php?rest_route=\/wp\/v2\/posts\/12417","targetHints":{"allow":["GET"]}}],"collection":[{"href":"https:\/\/www.os-slivnica.si\/index.php?rest_route=\/wp\/v2\/posts"}],"about":[{"href":"https:\/\/www.os-slivnica.si\/index.php?rest_route=\/wp\/v2\/types\/post"}],"author":[{"embeddable":true,"href":"https:\/\/www.os-slivnica.si\/index.php?rest_route=\/wp\/v2\/users\/7100"}],"replies":[{"embeddable":true,"href":"https:\/\/www.os-slivnica.si\/index.php?rest_route=%2Fwp%2Fv2%2Fcomments&post=12417"}],"version-history":[{"count":1,"href":"https:\/\/www.os-slivnica.si\/index.php?rest_route=\/wp\/v2\/posts\/12417\/revisions"}],"predecessor-version":[{"id":12421,"href":"https:\/\/www.os-slivnica.si\/index.php?rest_route=\/wp\/v2\/posts\/12417\/revisions\/12421"}],"wp:attachment":[{"href":"https:\/\/www.os-slivnica.si\/index.php?rest_route=%2Fwp%2Fv2%2Fmedia&parent=12417"}],"wp:term":[{"taxonomy":"category","embeddable":true,"href":"https:\/\/www.os-slivnica.si\/index.php?rest_route=%2Fwp%2Fv2%2Fcategories&post=12417"},{"taxonomy":"post_tag","embeddable":true,"href":"https:\/\/www.os-slivnica.si\/index.php?rest_route=%2Fwp%2Fv2%2Ftags&post=12417"}],"curies":[{"name":"wp","href":"https:\/\/api.w.org\/{rel}","templated":true}]}}