{"id":12395,"date":"2020-06-02T12:46:29","date_gmt":"2020-06-02T10:46:29","guid":{"rendered":"http:\/\/slivnica.splet.arnes.si\/?p=12395"},"modified":"2020-06-02T12:46:29","modified_gmt":"2020-06-02T10:46:29","slug":"vozni-red","status":"publish","type":"post","link":"https:\/\/www.os-slivnica.si\/?p=12395","title":{"rendered":"Vozni red"},"content":{"rendered":"<p>Od jutri naprej \u0161olski avtobusi vozijo tako, kot so pred epidemijo.<\/p>\n<p>V primeru, da bo \u0161tevilo otrok ve\u010dje, kot dovoljujejo navodila NIJZ za prepre\u010devanje \u0161irjenja COVID-19<\/p>\n<p>glede \u0161tevila otrok na avtobusu, bomo opravili dodatne vo\u017enje.<\/p>\n<p>Na avtobusu je obvezna uporaba za\u0161\u010ditnih mask.<\/p>\n<p><a href=\"http:\/\/www.slivnica.si\/files\/2015\/07\/VOZNI-RED-2019_20_1.pdf\">http:\/\/www.slivnica.si\/files\/2015\/07\/VOZNI-RED-2019_20_1.pdf<\/a><\/p>\n","protected":false},"excerpt":{"rendered":"<p>Od jutri naprej \u0161olski avtobusi vozijo tako, kot so pred epidemijo. V primeru, da bo \u0161tevilo otrok ve\u010dje, kot dovoljujejo navodila NIJZ za prepre\u010devanje \u0161irjenja COVID-19 glede \u0161tevila otrok na avtobusu, bomo opravili dodatne vo\u017enje. Na avtobusu je obvezna uporaba za\u0161\u010ditnih mask. http:\/\/www.slivnica.si\/files\/2015\/07\/VOZNI-RED-2019_20_1.pdf<\/p>\n","protected":false},"author":17903,"featured_media":0,"comment_status":"closed","ping_status":"closed","sticky":false,"template":"","format":"standard","meta":{"_et_pb_use_builder":"","_et_pb_old_content":"","_et_gb_content_width":"","ngg_post_thumbnail":0,"footnotes":"","_expiration-date-status":"","_expiration-date":0,"_expiration-date-type":"","_expiration-date-categories":[],"_expiration-date-options":[]},"categories":[9],"tags":[],"class_list":["post-12395","post","type-post","status-publish","format-standard","hentry","category-aktualno","et-doesnt-have-format-content","et_post_format-et-post-format-standard"],"_links":{"self":[{"href":"https:\/\/www.os-slivnica.si\/index.php?rest_route=\/wp\/v2\/posts\/12395","targetHints":{"allow":["GET"]}}],"collection":[{"href":"https:\/\/www.os-slivnica.si\/index.php?rest_route=\/wp\/v2\/posts"}],"about":[{"href":"https:\/\/www.os-slivnica.si\/index.php?rest_route=\/wp\/v2\/types\/post"}],"author":[{"embeddable":true,"href":"https:\/\/www.os-slivnica.si\/index.php?rest_route=\/wp\/v2\/users\/17903"}],"replies":[{"embeddable":true,"href":"https:\/\/www.os-slivnica.si\/index.php?rest_route=%2Fwp%2Fv2%2Fcomments&post=12395"}],"version-history":[{"count":3,"href":"https:\/\/www.os-slivnica.si\/index.php?rest_route=\/wp\/v2\/posts\/12395\/revisions"}],"predecessor-version":[{"id":12401,"href":"https:\/\/www.os-slivnica.si\/index.php?rest_route=\/wp\/v2\/posts\/12395\/revisions\/12401"}],"wp:attachment":[{"href":"https:\/\/www.os-slivnica.si\/index.php?rest_route=%2Fwp%2Fv2%2Fmedia&parent=12395"}],"wp:term":[{"taxonomy":"category","embeddable":true,"href":"https:\/\/www.os-slivnica.si\/index.php?rest_route=%2Fwp%2Fv2%2Fcategories&post=12395"},{"taxonomy":"post_tag","embeddable":true,"href":"https:\/\/www.os-slivnica.si\/index.php?rest_route=%2Fwp%2Fv2%2Ftags&post=12395"}],"curies":[{"name":"wp","href":"https:\/\/api.w.org\/{rel}","templated":true}]}}