{"id":12387,"date":"2020-06-02T11:22:41","date_gmt":"2020-06-02T09:22:41","guid":{"rendered":"http:\/\/slivnica.splet.arnes.si\/?p=12387"},"modified":"2020-06-02T11:22:41","modified_gmt":"2020-06-02T09:22:41","slug":"razredno-fotografiranje","status":"publish","type":"post","link":"https:\/\/www.os-slivnica.si\/?p=12387","title":{"rendered":"Razredno fotografiranje"},"content":{"rendered":"<p><strong>Spo\u0161tovani star\u0161i,\u00a0<\/strong><\/p>\n<p>da otroci ne bi ostali brez spomina na \u0161olsko leto 2019\/2020,\u00a0bomo v<strong>\u00a0PETEK, 5. 6. 2020<\/strong>\u00a0 na na\u0161i \u0161oli izvedli fotografiranje u\u010dencev.<\/p>\n<p>Fotografiranje bomo izvedli na prostem, \u010de le ne bo de\u017eevalo. Oddelki se bodo fotografirali posami\u010dno in se med seboj ne bodo sre\u010devali. Zaradi epidemije COVID-19 letos ne bo mo\u017eno naro\u010diti prijateljskih fotografij, fotografij sorojencev iz razli\u010dnih oddelkov ali iz vrtca, ker kakr\u0161nokoli prehajanje med oddelki ni dovoljeno. Med fotografiranjem bomo poskrbeli za razku\u017eevanje in vsa ostala higienska priporo\u010dila za prepre\u010devanje \u0161irjenja virusa COVID-19.<\/p>\n<p>Fotografije lahko naro\u010dite preko spleta ali mobilne aplikacije na spletnem naslovu:<\/p>\n<p>&nbsp;<br \/>\n<strong>fotonarocilo.com<\/strong><br \/>\n<strong> Geslo za vstop: sxc675<\/strong><\/p>\n<p>&nbsp;<br \/>\n\u010ce se prvi\u010d sre\u010dujete z naro\u010danjem preko spleta, vam priporo\u010damo, da si po vstopu na spletno stran najprej<br \/>\npreberete zavihek POMO\u010c PRI NARO\u010cANJU, ki je na dnu strani.<br \/>\nProsimo, da fotografije naro\u010dite takoj oziroma najkasneje do dne fotografiranja.<br \/>\nPla\u010dilo fotografij najkasneje dan po fotografiranju.<br \/>\nV primeru izostanka va\u0161ega otroka na dan fotografiranja, vam bodo kupnino vrnili na va\u0161 TRR.<\/p>\n","protected":false},"excerpt":{"rendered":"<p>Spo\u0161tovani star\u0161i,\u00a0 da otroci ne bi ostali brez spomina na \u0161olsko leto 2019\/2020,\u00a0bomo v\u00a0PETEK, 5. 6. 2020\u00a0 na na\u0161i \u0161oli izvedli fotografiranje u\u010dencev. Fotografiranje bomo izvedli na prostem, \u010de le ne bo de\u017eevalo. Oddelki se bodo fotografirali posami\u010dno in se med seboj ne bodo sre\u010devali. Zaradi epidemije COVID-19 letos ne bo mo\u017eno naro\u010diti prijateljskih fotografij, [&hellip;]<\/p>\n","protected":false},"author":17903,"featured_media":0,"comment_status":"closed","ping_status":"closed","sticky":false,"template":"","format":"standard","meta":{"_et_pb_use_builder":"","_et_pb_old_content":"","_et_gb_content_width":"","ngg_post_thumbnail":0,"footnotes":"","_expiration-date-status":"","_expiration-date":0,"_expiration-date-type":"","_expiration-date-categories":[],"_expiration-date-options":[]},"categories":[9],"tags":[],"class_list":["post-12387","post","type-post","status-publish","format-standard","hentry","category-aktualno","et-doesnt-have-format-content","et_post_format-et-post-format-standard"],"_links":{"self":[{"href":"https:\/\/www.os-slivnica.si\/index.php?rest_route=\/wp\/v2\/posts\/12387","targetHints":{"allow":["GET"]}}],"collection":[{"href":"https:\/\/www.os-slivnica.si\/index.php?rest_route=\/wp\/v2\/posts"}],"about":[{"href":"https:\/\/www.os-slivnica.si\/index.php?rest_route=\/wp\/v2\/types\/post"}],"author":[{"embeddable":true,"href":"https:\/\/www.os-slivnica.si\/index.php?rest_route=\/wp\/v2\/users\/17903"}],"replies":[{"embeddable":true,"href":"https:\/\/www.os-slivnica.si\/index.php?rest_route=%2Fwp%2Fv2%2Fcomments&post=12387"}],"version-history":[{"count":3,"href":"https:\/\/www.os-slivnica.si\/index.php?rest_route=\/wp\/v2\/posts\/12387\/revisions"}],"predecessor-version":[{"id":12393,"href":"https:\/\/www.os-slivnica.si\/index.php?rest_route=\/wp\/v2\/posts\/12387\/revisions\/12393"}],"wp:attachment":[{"href":"https:\/\/www.os-slivnica.si\/index.php?rest_route=%2Fwp%2Fv2%2Fmedia&parent=12387"}],"wp:term":[{"taxonomy":"category","embeddable":true,"href":"https:\/\/www.os-slivnica.si\/index.php?rest_route=%2Fwp%2Fv2%2Fcategories&post=12387"},{"taxonomy":"post_tag","embeddable":true,"href":"https:\/\/www.os-slivnica.si\/index.php?rest_route=%2Fwp%2Fv2%2Ftags&post=12387"}],"curies":[{"name":"wp","href":"https:\/\/api.w.org\/{rel}","templated":true}]}}