{"id":12379,"date":"2020-06-01T14:31:50","date_gmt":"2020-06-01T12:31:50","guid":{"rendered":"http:\/\/slivnica.splet.arnes.si\/?p=12379"},"modified":"2020-06-01T14:34:20","modified_gmt":"2020-06-01T12:34:20","slug":"12379","status":"publish","type":"post","link":"https:\/\/www.os-slivnica.si\/?p=12379","title":{"rendered":"Za\u010detek pouka v \u0161oli za u\u010dence 6., 7. in 8. razreda"},"content":{"rendered":"<p>Spo\u0161tovani star\u0161i!<\/p>\n<p>Vlada Republike Slovenije je sprejela Odlok o za\u010dasni prepovedi zbiranja ljudi v zavodih s podro\u010dja vzgoje in izobra\u017eevanja, ki je bil objavljen 29. 5. 2020.\u00a0 V osnovne \u0161ole se v sredo, 3. 6. 2020, vra\u010dajo u\u010denci 6., 7. in 8. razreda.<\/p>\n<p>V \u0161olo se vrnejo vsi zdravi u\u010denci.\u00a0 Star\u0161i morate podati izjavo, s katero zagotavljate, da je va\u0161 otrok zdrav.<strong> Izjavo, ki jo najdete <a href=\"http:\/\/slivnica.splet.arnes.si\/files\/2020\/05\/Izjava-sta\u0161ev_\u0161ola.pdf\" target=\"_blank\">tukaj<\/a> natisnite, izpolnite ter podpi\u0161ete in jo po\u0161ljete po elektronski po\u0161ti do torka, 2. 6. 2020, na elektronski naslov <\/strong><a href=\"mailto:tajnistvo@slivnica.si\"><strong>tajnistvo@slivnica.si<\/strong><\/a><strong> ali jo v \u0161olo prinese otrok v sredo. <\/strong><\/p>\n<p><strong>POMEMBO: U\u010denec brez podpisane izjave ne more vstopiti v \u0161olo.<\/strong><\/p>\n<p>Vrnitev v \u0161olo se odsvetuje:<\/p>\n<ul>\n<li>Otrokom z zdravstvenimi te\u017eavami, seznam bolezni, ki ga je pripravil Raz\u0161irjeni strokovni kolegij za pediatrijo, (seznam je <a href=\"http:\/\/slivnica.splet.arnes.si\/files\/2020\/05\/Opredelitev-zdravstvenih-omejitev-za-otroke.pdf\" target=\"_blank\">tukaj<\/a><\/li>\n<li>otrokom, ki \u017eivijo v istem gospodinjstvu, z osebami , ki imajo zdravstvene omejitve (drug otrok, mladostnik, ali odrasla oseba).<\/li>\n<\/ul>\n<p>Star\u0161i se v takem primeru posvetujte z izbranim osebnim zdravnikom.<\/p>\n<p><strong>ORGANIAZCIJA DELA<\/strong><\/p>\n<p>Pouk bo potekal po urniku, ki so ga imeli u\u010denci pred razglasitvijo epidemije z manj\u0161imi prilagoditvami<strong>.\u00a0 <\/strong><\/p>\n<p><strong>V sredo se bo pouk za\u010del ob 8. uri.<\/strong><\/p>\n<p>Organizacija vzgojno-izobra\u017eevalnega\u00a0 dela\u00a0 bo potekala malo druga\u010de.<\/p>\n<ul>\n<li>U\u010denci nosijo <strong>masko ali drugo za\u0161\u010dito<\/strong> v \u0161oli povsod razen v mati\u010dni u\u010dilnici in v jedilnici za mizo.<\/li>\n<li>Zadr\u017eevanje v garderobi ni dovoljeno. Pri izhodu iz garderobe je obvezno razku\u017eevanje rok.<\/li>\n<li>U\u010denci po prihodu v \u0161olo odidejo v mati\u010dne u\u010dilnice, kjer bodo imeli vse \u010das pouk in sicer:\n<ul>\n<li>6. a v u\u010dilnici glasbene umetnosti,<\/li>\n<li>6. b v u\u010dilnici kemije,<\/li>\n<li>7. r v u\u010dilnici likovne umetnosti,<\/li>\n<li>8. a v u\u010dilnici matematika 1 in<\/li>\n<li>8. b v u\u010dilnici sloven\u0161\u010dina 1.<\/li>\n<\/ul>\n<\/li>\n<li>U\u010denci ne prehajajo med u\u010dilnicami in v \u010dasu odmorov u\u010denci ne zapu\u0161\u010dajo mati\u010dne u\u010dilnice.<\/li>\n<li>U\u010denci \u0161olske potreb\u0161\u010dine <strong>nosijo s seboj<\/strong> in vsak dan poskrbijo, da jih ustrezno razku\u017eijo oz. doma odlagajo na le eno to\u010dno dolo\u010deno mesto, ki ni v stiku z drugimi doma\u010dimi potreb\u0161\u010dinami in predmeti.<\/li>\n<li>Ostala navodila bodo razredniki u\u010dencem podali v sredo 1. uro pouka.<\/li>\n<\/ul>\n<p><strong>PREHRANA<\/strong><\/p>\n<p>Za u\u010dence bomo organizirali poleg\u00a0 malice tudi kosilo in sicer za vse, ki so imeli kosilo naro\u010deno \u017ee prej.<\/p>\n<p><strong>V primeru, da va\u0161 otrok ne bo imel kosila, ga odjavite do torka do 10. ure. <\/strong><\/p>\n<p>O voznem redu \u0161olskih avtobusov vas bomo obvestili jutri na spletni strani \u0161ole. <u>V skladu s priporo\u010dili je potrebno na avtobusu nositi masko. <\/u><\/p>\n<p>Spo\u0161tovani star\u0161i, ob koncu obdobja pouka na daljavo se vam najlep\u0161e zahvaljujemo za va\u0161e sodelovanje in vklju\u010devanje v izobra\u017eevanje va\u0161ih otrok.<\/p>\n<p>&nbsp;<\/p>\n<p>Ravnateljica Marjeta Ko\u0161ak<\/p>\n","protected":false},"excerpt":{"rendered":"<p>Spo\u0161tovani star\u0161i! Vlada Republike Slovenije je sprejela Odlok o za\u010dasni prepovedi zbiranja ljudi v zavodih s podro\u010dja vzgoje in izobra\u017eevanja, ki je bil objavljen 29. 5. 2020.\u00a0 V osnovne \u0161ole se v sredo, 3. 6. 2020, vra\u010dajo u\u010denci 6., 7. in 8. razreda. V \u0161olo se vrnejo vsi zdravi u\u010denci.\u00a0 Star\u0161i morate podati izjavo, s [&hellip;]<\/p>\n","protected":false},"author":5705,"featured_media":0,"comment_status":"closed","ping_status":"closed","sticky":false,"template":"","format":"standard","meta":{"_et_pb_use_builder":"","_et_pb_old_content":"","_et_gb_content_width":"","ngg_post_thumbnail":0,"footnotes":"","_expiration-date-status":"","_expiration-date":0,"_expiration-date-type":"","_expiration-date-categories":[],"_expiration-date-options":[]},"categories":[9],"tags":[],"class_list":["post-12379","post","type-post","status-publish","format-standard","hentry","category-aktualno","et-doesnt-have-format-content","et_post_format-et-post-format-standard"],"_links":{"self":[{"href":"https:\/\/www.os-slivnica.si\/index.php?rest_route=\/wp\/v2\/posts\/12379","targetHints":{"allow":["GET"]}}],"collection":[{"href":"https:\/\/www.os-slivnica.si\/index.php?rest_route=\/wp\/v2\/posts"}],"about":[{"href":"https:\/\/www.os-slivnica.si\/index.php?rest_route=\/wp\/v2\/types\/post"}],"author":[{"embeddable":true,"href":"https:\/\/www.os-slivnica.si\/index.php?rest_route=\/wp\/v2\/users\/5705"}],"replies":[{"embeddable":true,"href":"https:\/\/www.os-slivnica.si\/index.php?rest_route=%2Fwp%2Fv2%2Fcomments&post=12379"}],"version-history":[{"count":2,"href":"https:\/\/www.os-slivnica.si\/index.php?rest_route=\/wp\/v2\/posts\/12379\/revisions"}],"predecessor-version":[{"id":12383,"href":"https:\/\/www.os-slivnica.si\/index.php?rest_route=\/wp\/v2\/posts\/12379\/revisions\/12383"}],"wp:attachment":[{"href":"https:\/\/www.os-slivnica.si\/index.php?rest_route=%2Fwp%2Fv2%2Fmedia&parent=12379"}],"wp:term":[{"taxonomy":"category","embeddable":true,"href":"https:\/\/www.os-slivnica.si\/index.php?rest_route=%2Fwp%2Fv2%2Fcategories&post=12379"},{"taxonomy":"post_tag","embeddable":true,"href":"https:\/\/www.os-slivnica.si\/index.php?rest_route=%2Fwp%2Fv2%2Ftags&post=12379"}],"curies":[{"name":"wp","href":"https:\/\/api.w.org\/{rel}","templated":true}]}}