{"id":12365,"date":"2020-05-29T12:53:46","date_gmt":"2020-05-29T10:53:46","guid":{"rendered":"http:\/\/slivnica.splet.arnes.si\/?p=12365"},"modified":"2020-05-29T12:53:46","modified_gmt":"2020-05-29T10:53:46","slug":"pouk-v-ponedeljek-1-6-in-torek-2-6","status":"publish","type":"post","link":"https:\/\/www.os-slivnica.si\/?p=12365","title":{"rendered":"Pouk v ponedeljek (1. 6.) in torek (2. 6.)"},"content":{"rendered":"<p>Spo\u0161tovani u\u010denci in \u00a0star\u0161i!<\/p>\n<p>Vlada Republike Slovenije je sprejela Odlok o za\u010dasni prepovedi zbiranja ljudi v zavodih s podro\u010dja vzgoje in izobra\u017eevanja, ki bo objavljen jutri.\u00a0 V osnovne \u0161ole se v ponedeljek, 1. 6. 2020, vra\u010dajo u\u010denci 4. in 5. razreda, hkrati pa se spro\u0161\u010dajo tudi nekateri ukrepi.<\/p>\n<p><strong>U\u010denci 1. do 5. razreda bodo imeli pouk v svojih mati\u010dnih u\u010dilnicah po urniku, ki so ga imeli pred razglasitvijo epidemije. Tudi jutranje varstvo in podalj\u0161ano bivanje bo organizirano enako kot pred epidemijo. <\/strong><\/p>\n<p>Za u\u010dence bomo <strong>organizirali \u0161olski prevoz<\/strong>. \u00a0Vozni red za ponedeljek in torek bo naslednji:<\/p>\n<p><strong>smer Loka pri \u017dusmu:<\/strong><\/p>\n<p><strong>zjutraj<\/strong><\/p>\n<p>7.00\u00a0\u2013\u00a0<strong>7.07\u00a0<\/strong>\u2013 7.12\u2013 7.15\u00a0\u00a0\u00a0\u00a0Cerovec (\u017durej) \u2013\u00a0<strong>Dobrina<\/strong>\u00a0\u2013 Loka \u2013 Loka (Gaj\u0161ek)<\/p>\n<p>7.15\u00a0\u00a0\u2013 7.17\u00a0\u2013\u00a0<strong>7.25<\/strong>\u00a0\u2013 7.40\u00a0\u00a0\u00a0Loka (Gaj\u0161ek) \u2013 Loka\u00a0 \u2013\u00a0<strong>Vol\u010dja Jama<\/strong>\u00a0\u2013 Gorica pri Slivnici.<\/p>\n<p>Popoldan razvoz:<\/p>\n<ol>\n<li>vo\u017enja<\/li>\n<\/ol>\n<p>12.40 \u2013 Gorica \u2013 Rakitovec \u2013 Drobinsko \u2013 Grobelce (\u010coklc)<\/p>\n<ol start=\"2\">\n<li>vo\u017enja<\/li>\n<\/ol>\n<p>13.00 \u2013 Gorica \u2013 Vol\u010dja jama \u2013 Loka pri \u017dusmu<\/p>\n<p><strong>smer Prevorje:<\/strong><\/p>\n<p><strong>zjutraj<\/strong><\/p>\n<p>7.05 \u2013 7.10 \u2013 7.25\u00a0\u2013\u00a0<strong>7.35\u00a0<\/strong>\u2013 7.45\u00a0\u00a0\u00a0Krivica \u2013 Ko\u0161nica \u2013 Paridol \u2013 <strong>Podjezerce<\/strong>\u00a0\u2013 Gorica pri Slivnici<\/p>\n<p>Popoldan razvoz:<\/p>\n<ol>\n<li>vo\u017enja<\/li>\n<\/ol>\n<p>12.40 \u2013 Gorica \u2013 Tratna \u2013 Podjezerce \u2013 Vezovje \u2013 Turno &#8211; \u010cret<\/p>\n<ol start=\"2\">\n<li>vo\u017enja<\/li>\n<\/ol>\n<p>13.00 \u2013 Gorica \u2013 Stopa &#8211; Paridol &#8211; Prevorje<\/p>\n<p><u>V skladu s priporo\u010dili je potrebno na avtobusu nositi masko. <\/u><\/p>\n","protected":false},"excerpt":{"rendered":"<p>Spo\u0161tovani u\u010denci in \u00a0star\u0161i! Vlada Republike Slovenije je sprejela Odlok o za\u010dasni prepovedi zbiranja ljudi v zavodih s podro\u010dja vzgoje in izobra\u017eevanja, ki bo objavljen jutri.\u00a0 V osnovne \u0161ole se v ponedeljek, 1. 6. 2020, vra\u010dajo u\u010denci 4. in 5. razreda, hkrati pa se spro\u0161\u010dajo tudi nekateri ukrepi. U\u010denci 1. do 5. razreda bodo imeli [&hellip;]<\/p>\n","protected":false},"author":5705,"featured_media":0,"comment_status":"closed","ping_status":"closed","sticky":false,"template":"","format":"standard","meta":{"_et_pb_use_builder":"","_et_pb_old_content":"","_et_gb_content_width":"","ngg_post_thumbnail":0,"footnotes":"","_expiration-date-status":"","_expiration-date":0,"_expiration-date-type":"","_expiration-date-categories":[],"_expiration-date-options":[]},"categories":[9],"tags":[],"class_list":["post-12365","post","type-post","status-publish","format-standard","hentry","category-aktualno","et-doesnt-have-format-content","et_post_format-et-post-format-standard"],"_links":{"self":[{"href":"https:\/\/www.os-slivnica.si\/index.php?rest_route=\/wp\/v2\/posts\/12365","targetHints":{"allow":["GET"]}}],"collection":[{"href":"https:\/\/www.os-slivnica.si\/index.php?rest_route=\/wp\/v2\/posts"}],"about":[{"href":"https:\/\/www.os-slivnica.si\/index.php?rest_route=\/wp\/v2\/types\/post"}],"author":[{"embeddable":true,"href":"https:\/\/www.os-slivnica.si\/index.php?rest_route=\/wp\/v2\/users\/5705"}],"replies":[{"embeddable":true,"href":"https:\/\/www.os-slivnica.si\/index.php?rest_route=%2Fwp%2Fv2%2Fcomments&post=12365"}],"version-history":[{"count":1,"href":"https:\/\/www.os-slivnica.si\/index.php?rest_route=\/wp\/v2\/posts\/12365\/revisions"}],"predecessor-version":[{"id":12367,"href":"https:\/\/www.os-slivnica.si\/index.php?rest_route=\/wp\/v2\/posts\/12365\/revisions\/12367"}],"wp:attachment":[{"href":"https:\/\/www.os-slivnica.si\/index.php?rest_route=%2Fwp%2Fv2%2Fmedia&parent=12365"}],"wp:term":[{"taxonomy":"category","embeddable":true,"href":"https:\/\/www.os-slivnica.si\/index.php?rest_route=%2Fwp%2Fv2%2Fcategories&post=12365"},{"taxonomy":"post_tag","embeddable":true,"href":"https:\/\/www.os-slivnica.si\/index.php?rest_route=%2Fwp%2Fv2%2Ftags&post=12365"}],"curies":[{"name":"wp","href":"https:\/\/api.w.org\/{rel}","templated":true}]}}