{"id":12331,"date":"2020-05-28T22:05:38","date_gmt":"2020-05-28T20:05:38","guid":{"rendered":"http:\/\/slivnica.splet.arnes.si\/?p=12331"},"modified":"2020-05-29T06:47:14","modified_gmt":"2020-05-29T04:47:14","slug":"raziskovalci-cvetocega-travnika-na-prevorju","status":"publish","type":"post","link":"https:\/\/www.os-slivnica.si\/?p=12331","title":{"rendered":"Raziskovalci cveto\u010dega travnika na Prevorju"},"content":{"rendered":"<p style=\"text-align: left\"><span style=\"color: #339966\">\u00a0\u00a0\u00a0\u00a0\u00a0\u00a0\u00a0\u00a0\u00a0\u00a0\u00a0\u00a0\u00a0\u00a0\u00a0\u00a0\u00a0\u00a0\u00a0\u00a0\u00a0\u00a0\u00a0\u00a0\u00a0\u00a0\u00a0\u00a0\u00a0\u00a0\u00a0\u00a0\u00a0\u00a0\u00a0\u00a0\u00a0\u00a0\u00a0\u00a0\u00a0\u00a0\u00a0\u00a0\u00a0\u00a0\u00a0\u00a0<em> Travniki so \u017ee zeleni,<\/em><\/span><\/p>\n<p style=\"text-align: center\"><em><span style=\"color: #ff6600\">ro\u017e\u2019ce vse so razcvetene,<img decoding=\"async\" class=\"gs-image gs-image-scalable alignright\" title=\"Nadstandardni program \u2013 Osnovna \u0161ola dr. Mihajla Rostoharja Kr\u0161ko\" src=\"https:\/\/encrypted-tbn0.gstatic.com\/images?q=tbn:ANd9GcT06kyRkT5hmsBfsUF5tOLD2RjF0z1H6aEqdUgczeInLCVnnmv6eQ&amp;s\" alt=\"Nadstandardni program \u2013 Osnovna \u0161ola dr. Mihajla Rostoharja Kr\u0161ko\" \/><\/span><\/em><\/p>\n<p style=\"text-align: center\"><em><span style=\"color: #0000ff\">pojd\u2019mo le raziskovat<\/span><\/em><\/p>\n<p style=\"text-align: center\"><em><span style=\"color: #800080\">in lepih ro\u017e\u2019c nabrat.<\/span><\/em><\/p>\n<p>&nbsp;<\/p>\n<p><strong>Mladi raziskovalci prve triade<\/strong> so naravoslovni dan pre\u017eiveli <strong>na cveto\u010dem travniku.<\/strong> Pisane cvetlice, travni\u0161ke jagode,vonj poko\u0161ene trave in topli son\u010dni \u017earki so nas zvabili <strong>ven v naravo.<\/strong> Z lupami v rokah smo se podali v <strong>raziskovanje na travnik.<\/strong> Bili smo nadvse <strong>o\u010darani<\/strong> nad <strong>pisanim svetom barv cvetlic in \u017eivali,<\/strong> ki smo si jih dodobra ogledali tudi od blizu. <strong>O\u010di pa smo si napasli ob &#8220;zelenem lepotcu&#8221;<\/strong>, ki se je grel na soncu in ga na\u0161a prisotnost ni prav ni\u010d zmotila.<\/p>\n<p style=\"text-align: center\">ngg_shortcode_0_placeholder<\/p>\n","protected":false},"excerpt":{"rendered":"<p>\u00a0\u00a0\u00a0\u00a0\u00a0\u00a0\u00a0\u00a0\u00a0\u00a0\u00a0\u00a0\u00a0\u00a0\u00a0\u00a0\u00a0\u00a0\u00a0\u00a0\u00a0\u00a0\u00a0\u00a0\u00a0\u00a0\u00a0\u00a0\u00a0\u00a0\u00a0\u00a0\u00a0\u00a0\u00a0\u00a0\u00a0\u00a0\u00a0\u00a0\u00a0\u00a0\u00a0\u00a0\u00a0\u00a0\u00a0\u00a0 Travniki so \u017ee zeleni, ro\u017e\u2019ce vse so razcvetene, pojd\u2019mo le raziskovat in lepih ro\u017e\u2019c nabrat. &nbsp; Mladi raziskovalci prve triade so naravoslovni dan pre\u017eiveli na cveto\u010dem travniku. Pisane cvetlice, travni\u0161ke jagode,vonj poko\u0161ene trave in topli son\u010dni \u017earki so nas zvabili ven v naravo. Z lupami v rokah smo se podali v raziskovanje na travnik. [&hellip;]<\/p>\n","protected":false},"author":6009,"featured_media":0,"comment_status":"closed","ping_status":"closed","sticky":false,"template":"","format":"standard","meta":{"_et_pb_use_builder":"","_et_pb_old_content":"","_et_gb_content_width":"","ngg_post_thumbnail":0,"footnotes":"","_expiration-date-status":"","_expiration-date":0,"_expiration-date-type":"","_expiration-date-categories":[],"_expiration-date-options":[]},"categories":[11],"tags":[],"class_list":["post-12331","post","type-post","status-publish","format-standard","hentry","category-ps-prevorje","et-doesnt-have-format-content","et_post_format-et-post-format-standard"],"_links":{"self":[{"href":"https:\/\/www.os-slivnica.si\/index.php?rest_route=\/wp\/v2\/posts\/12331","targetHints":{"allow":["GET"]}}],"collection":[{"href":"https:\/\/www.os-slivnica.si\/index.php?rest_route=\/wp\/v2\/posts"}],"about":[{"href":"https:\/\/www.os-slivnica.si\/index.php?rest_route=\/wp\/v2\/types\/post"}],"author":[{"embeddable":true,"href":"https:\/\/www.os-slivnica.si\/index.php?rest_route=\/wp\/v2\/users\/6009"}],"replies":[{"embeddable":true,"href":"https:\/\/www.os-slivnica.si\/index.php?rest_route=%2Fwp%2Fv2%2Fcomments&post=12331"}],"version-history":[{"count":4,"href":"https:\/\/www.os-slivnica.si\/index.php?rest_route=\/wp\/v2\/posts\/12331\/revisions"}],"predecessor-version":[{"id":12341,"href":"https:\/\/www.os-slivnica.si\/index.php?rest_route=\/wp\/v2\/posts\/12331\/revisions\/12341"}],"wp:attachment":[{"href":"https:\/\/www.os-slivnica.si\/index.php?rest_route=%2Fwp%2Fv2%2Fmedia&parent=12331"}],"wp:term":[{"taxonomy":"category","embeddable":true,"href":"https:\/\/www.os-slivnica.si\/index.php?rest_route=%2Fwp%2Fv2%2Fcategories&post=12331"},{"taxonomy":"post_tag","embeddable":true,"href":"https:\/\/www.os-slivnica.si\/index.php?rest_route=%2Fwp%2Fv2%2Ftags&post=12331"}],"curies":[{"name":"wp","href":"https:\/\/api.w.org\/{rel}","templated":true}]}}