{"id":12273,"date":"2020-05-21T15:39:31","date_gmt":"2020-05-21T13:39:31","guid":{"rendered":"http:\/\/slivnica.splet.arnes.si\/?p=12273"},"modified":"2020-05-21T15:39:31","modified_gmt":"2020-05-21T13:39:31","slug":"tabor-mladih-planincev-letos-odpade","status":"publish","type":"post","link":"https:\/\/www.os-slivnica.si\/?p=12273","title":{"rendered":"Tabor mladih planincev letos odpade"},"content":{"rendered":"<div dir=\"ltr\">\n<div>Pozdravljeni!<\/div>\n<div>Vsako leto smo v\u00a0 mesecu maju imeli objavljen razpis za tabor mladih planincev, letos bi moral biti ponovno nad Dovjem. Zaradi razmer, ki trenutno so, se je vodstvo mladinskih odsekov pri Savinjskem meddru\u0161tvenih odborov PD odlo\u010dilo, da tabor odpovemo. Naj samo omenim, da je prakti\u010dno na\u0161 tabor najve\u010dji v Sloveniji, v njem je osem do devet izmen v \u010dasu \u0161olskih po\u010ditnic, in se ga vsako leto\u00a0 udele\u017ei okoli 450 &#8211; 500 mladih planincev in do 150 oseb, ki so v vodstvih tabora.<\/div>\n<div>Prav tako v dru\u0161tvu trenutno \u0161e ne izvajamo programa, ki smo si ga zadali na ob\u010dnem zboru, a\u017eurno pa sledimo in spremljamo dogodke v vezi s korono in po preklicu omejitev vas obvestimo.<\/div>\n<div>Vsem\u00a0 otrokom, ki so letos imeli namen se udele\u017eiti na taboru, se opravi\u010dujemo, saj moramo razumeti nastalo situacijo, zato se vidimo naslednje leto in na planinskih izletih takoj ko bo mogo\u010de.<\/div>\n<p>Spodaj je pismo MK SMDO o odpovedi.<\/p><\/div>\n<div dir=\"ltr\">\n<div><\/div>\n<div>Lep pozdrav, Silvo U\u017emah<\/div>\n<div>PD Slivnica pri Celju<\/div>\n<div><\/div>\n<\/div>\n<div><a href=\"http:\/\/slivnica.splet.arnes.si\/files\/2020\/05\/Odpoved-tabora-mladih-planincev-2020-1.pdf\">Odpoved tabora mladih planincev 2020<\/a><\/div>\n","protected":false},"excerpt":{"rendered":"<p>Pozdravljeni! Vsako leto smo v\u00a0 mesecu maju imeli objavljen razpis za tabor mladih planincev, letos bi moral biti ponovno nad Dovjem. Zaradi razmer, ki trenutno so, se je vodstvo mladinskih odsekov pri Savinjskem meddru\u0161tvenih odborov PD odlo\u010dilo, da tabor odpovemo. Naj samo omenim, da je prakti\u010dno na\u0161 tabor najve\u010dji v Sloveniji, v njem je osem [&hellip;]<\/p>\n","protected":false},"author":5704,"featured_media":0,"comment_status":"closed","ping_status":"closed","sticky":false,"template":"","format":"standard","meta":{"_et_pb_use_builder":"","_et_pb_old_content":"","_et_gb_content_width":"","ngg_post_thumbnail":0,"footnotes":"","_expiration-date-status":"","_expiration-date":0,"_expiration-date-type":"","_expiration-date-categories":[],"_expiration-date-options":[]},"categories":[9],"tags":[],"class_list":["post-12273","post","type-post","status-publish","format-standard","hentry","category-aktualno","et-doesnt-have-format-content","et_post_format-et-post-format-standard"],"_links":{"self":[{"href":"https:\/\/www.os-slivnica.si\/index.php?rest_route=\/wp\/v2\/posts\/12273","targetHints":{"allow":["GET"]}}],"collection":[{"href":"https:\/\/www.os-slivnica.si\/index.php?rest_route=\/wp\/v2\/posts"}],"about":[{"href":"https:\/\/www.os-slivnica.si\/index.php?rest_route=\/wp\/v2\/types\/post"}],"author":[{"embeddable":true,"href":"https:\/\/www.os-slivnica.si\/index.php?rest_route=\/wp\/v2\/users\/5704"}],"replies":[{"embeddable":true,"href":"https:\/\/www.os-slivnica.si\/index.php?rest_route=%2Fwp%2Fv2%2Fcomments&post=12273"}],"version-history":[{"count":1,"href":"https:\/\/www.os-slivnica.si\/index.php?rest_route=\/wp\/v2\/posts\/12273\/revisions"}],"predecessor-version":[{"id":12277,"href":"https:\/\/www.os-slivnica.si\/index.php?rest_route=\/wp\/v2\/posts\/12273\/revisions\/12277"}],"wp:attachment":[{"href":"https:\/\/www.os-slivnica.si\/index.php?rest_route=%2Fwp%2Fv2%2Fmedia&parent=12273"}],"wp:term":[{"taxonomy":"category","embeddable":true,"href":"https:\/\/www.os-slivnica.si\/index.php?rest_route=%2Fwp%2Fv2%2Fcategories&post=12273"},{"taxonomy":"post_tag","embeddable":true,"href":"https:\/\/www.os-slivnica.si\/index.php?rest_route=%2Fwp%2Fv2%2Ftags&post=12273"}],"curies":[{"name":"wp","href":"https:\/\/api.w.org\/{rel}","templated":true}]}}