{"id":12255,"date":"2020-05-22T07:36:37","date_gmt":"2020-05-22T05:36:37","guid":{"rendered":"http:\/\/slivnica.splet.arnes.si\/?p=12255"},"modified":"2020-05-22T07:39:48","modified_gmt":"2020-05-22T05:39:48","slug":"zacetek-izvajanja-pouka-za-ucence-9-razreda-v-soli","status":"publish","type":"post","link":"https:\/\/www.os-slivnica.si\/?p=12255","title":{"rendered":"Za\u010detek izvajanja pouka za u\u010dence 9. razreda v \u0161oli"},"content":{"rendered":"<p>Spo\u0161tovani star\u0161i in u\u010denci!<\/p>\n<p>V skladu z odlokom Vlade Republike Slovenije se v ponedeljek, 25. 5. 2020, za\u010dne pouk za u\u010dence 9. razredov v prostorih \u0161ole.<\/p>\n<p>V \u0161olo se vrnejo vsi zdravi u\u010denci. Star\u0161i morate podati izjavo, s katero zagotavljate, da je va\u0161 otrok zdrav. <strong>Izjavo natisnite, izpolnite ter podpi\u0161ite in jo po\u0161ljite po elektronski po\u0161ti do nedelje, 24. 5. 2020 na elektronski naslov <\/strong><a href=\"mailto:tajnistvo@slivnica.si\"><strong>tajnistvo@slivnica.si<\/strong><\/a><strong>, ali jo v \u0161olo prinese otrok v ponedeljek. Izjavo najdete <a href=\"http:\/\/slivnica.splet.arnes.si\/files\/2020\/05\/Izjava-sta\u0161ev_\u0161ola.pdf\">tukaj.<\/a><br \/>\n<\/strong><\/p>\n<p><strong>POMEMBO: U\u010denec brez podpisane izjave ne more vstopiti v \u0161olo.<\/strong><\/p>\n<p>Vrnitev v \u0161olo se odsvetuje:<\/p>\n<ul>\n<li>Otrokom z zdravstvenimi te\u017eavami, seznam bolezni, ki ga je pripravil Raz\u0161irjeni strokovni kolegij za pediatrijo, Priloga 2<\/li>\n<li>otrokom, ki \u017eivijo v istem gospodinjstvu z osebami, ki imajo zdravstvene omejitve (drug otrok, mladostnik, ali odrasla oseba).<\/li>\n<\/ul>\n<p>Star\u0161i se v takem primeru posvetujte z izbranim osebnim zdravnikom.<\/p>\n<p>Za u\u010dence bomo <strong>organizirali \u0161olski prevoz<\/strong>. V skladu s priporo\u010dili je potrebno na avtobusu nositi masko.<\/p>\n<p>Vozni red:<\/p>\n<p>smer Loka pri \u017dusmu:<\/p>\n<p>7.00\u00a0\u2013\u00a0<strong>7.07\u00a0<\/strong>-7.12\u2013 7.15\u00a0\u00a0\u00a0\u00a0Cerovec (\u017durej) \u2013\u00a0<strong>Dobrina<\/strong>\u00a0\u2013 Loka \u2013 Loka (Gaj\u0161ek)<\/p>\n<p>7.15\u00a0\u00a0\u2013 7.17\u00a0\u2013\u00a0<strong>7.25<\/strong>\u00a0\u2013 7.40\u00a0\u00a0\u00a0Loka (Gaj\u0161ek) \u2013 Loka\u00a0 \u2013\u00a0<strong>Vol\u010dja Jama<\/strong>\u00a0\u2013 Gorica pri Slivnici.<\/p>\n<p>smer Prevorje:<\/p>\n<p>7.05 \u2013 7.10 \u2013 7.25\u00a0\u2013\u00a0<strong>7.35\u00a0<\/strong>&#8211; 7.45\u00a0\u00a0\u00a0Krivica \u2013 Ko\u0161nica \u2013 Paridol \u2013 <strong>Podjezerce<\/strong>\u00a0\u2013 Gorica pri Slivnici<\/p>\n<p><u>razvoz ob 12. 45 v obe smeri<\/u><\/p>\n<p>Organizacija vzgojno-izobra\u017eevalnega\u00a0 dela bo potekala malo druga\u010de.<\/p>\n<ul>\n<li>U\u010denci 9. razreda vstopajo v \u0161olo samo skozi garderobo predmetne stopnje. Vhod je mogo\u010d od 7.45 do 8.00 z masko ali drugo za\u0161\u010dito nosno-ustnega predela (\u0161al, ruta ali podobna oblika za\u0161\u010dite).<\/li>\n<li>U\u010denci nosijo masko ali drugo za\u0161\u010dito v \u0161oli povsod, razen v mati\u010dni u\u010dilnici in v jedilnici za mizo.<\/li>\n<li>V garderobi odlagajo obla\u010dila in obutev na poimensko ozna\u010dena mesta.<\/li>\n<\/ul>\n<p><strong>Zadr\u017eevanje v garderobi ni dovoljeno. Pri izhodu iz garderobe je obvezno razku\u017eevanje rok.<\/strong><\/p>\n<ul>\n<li>U\u010denci so ves \u010das pouka v eni u\u010dilnici. Mati\u010dna u\u010dilnica za:\n<ul>\n<li>9. a je u\u010dilnica geografije in<\/li>\n<li>9. b je u\u010dilnica angle\u0161\u010dine.<\/li>\n<\/ul>\n<\/li>\n<li>U\u010denci ne prehajajo med u\u010dilnicama in v \u010dasu odmorov u\u010denci ne zapu\u0161\u010dajo mati\u010dne u\u010dilnice.<\/li>\n<li>Malico pred mati\u010dne u\u010dilnice pred pri\u010detkom odmora za malico prinese kuhinjsko osebje.<\/li>\n<li>Ostanke hrane in embala\u017eo ter morebitno posodo odnese izpred mati\u010dne u\u010dilnice po koncu odmora kuhinjsko osebje.<\/li>\n<li>U\u010denci <strong>devetih razredov<\/strong> \u0161olske potreb\u0161\u010dine <strong>nosijo s seboj<\/strong> in vsak dan poskrbijo, da jih ustrezno razku\u017eijo oz. doma odlagajo na le eno to\u010dno dolo\u010deno mesto, ki ni v stiku z drugimi doma\u010dimi potreb\u0161\u010dinami in predmeti.<\/li>\n<li>Po kon\u010danem pouku u\u010denci odidejo na kosilo ali domov. Voza\u010di po\u010dakajo na avtobus na dvori\u0161\u010du oz. pod nadstre\u0161kom v primeru de\u017eja.<\/li>\n<li>U\u010denci, ki gredo na kosilo se morajo pri izdajnem pultu dr\u017eati talnih ozna\u010db za medsebojno razdaljo. Poti vstopa in izstopa se ne kri\u017eajo, temve\u010d potekajo po ozna\u010denih koridorjih.<\/li>\n<\/ul>\n<p>Spo\u0161tovani star\u0161i, ob koncu obdobja pouka na daljavo se vam najlep\u0161e zahvaljujemo za va\u0161e sodelovanje in vklju\u010devanje v izobra\u017eevanje va\u0161ih otrok.<\/p>\n<p>Ravnateljica\u00a0\u00a0\u00a0\u00a0 Marjeta Ko\u0161ak<\/p>\n<p>&nbsp;<\/p>\n","protected":false},"excerpt":{"rendered":"<p>Spo\u0161tovani star\u0161i in u\u010denci! V skladu z odlokom Vlade Republike Slovenije se v ponedeljek, 25. 5. 2020, za\u010dne pouk za u\u010dence 9. razredov v prostorih \u0161ole. V \u0161olo se vrnejo vsi zdravi u\u010denci. Star\u0161i morate podati izjavo, s katero zagotavljate, da je va\u0161 otrok zdrav. Izjavo natisnite, izpolnite ter podpi\u0161ite in jo po\u0161ljite po elektronski [&hellip;]<\/p>\n","protected":false},"author":5705,"featured_media":0,"comment_status":"closed","ping_status":"closed","sticky":false,"template":"","format":"standard","meta":{"_et_pb_use_builder":"","_et_pb_old_content":"","_et_gb_content_width":"","ngg_post_thumbnail":0,"footnotes":"","_expiration-date-status":"","_expiration-date":0,"_expiration-date-type":"","_expiration-date-categories":[],"_expiration-date-options":[]},"categories":[9],"tags":[],"class_list":["post-12255","post","type-post","status-publish","format-standard","hentry","category-aktualno","et-doesnt-have-format-content","et_post_format-et-post-format-standard"],"_links":{"self":[{"href":"https:\/\/www.os-slivnica.si\/index.php?rest_route=\/wp\/v2\/posts\/12255","targetHints":{"allow":["GET"]}}],"collection":[{"href":"https:\/\/www.os-slivnica.si\/index.php?rest_route=\/wp\/v2\/posts"}],"about":[{"href":"https:\/\/www.os-slivnica.si\/index.php?rest_route=\/wp\/v2\/types\/post"}],"author":[{"embeddable":true,"href":"https:\/\/www.os-slivnica.si\/index.php?rest_route=\/wp\/v2\/users\/5705"}],"replies":[{"embeddable":true,"href":"https:\/\/www.os-slivnica.si\/index.php?rest_route=%2Fwp%2Fv2%2Fcomments&post=12255"}],"version-history":[{"count":1,"href":"https:\/\/www.os-slivnica.si\/index.php?rest_route=\/wp\/v2\/posts\/12255\/revisions"}],"predecessor-version":[{"id":12257,"href":"https:\/\/www.os-slivnica.si\/index.php?rest_route=\/wp\/v2\/posts\/12255\/revisions\/12257"}],"wp:attachment":[{"href":"https:\/\/www.os-slivnica.si\/index.php?rest_route=%2Fwp%2Fv2%2Fmedia&parent=12255"}],"wp:term":[{"taxonomy":"category","embeddable":true,"href":"https:\/\/www.os-slivnica.si\/index.php?rest_route=%2Fwp%2Fv2%2Fcategories&post=12255"},{"taxonomy":"post_tag","embeddable":true,"href":"https:\/\/www.os-slivnica.si\/index.php?rest_route=%2Fwp%2Fv2%2Ftags&post=12255"}],"curies":[{"name":"wp","href":"https:\/\/api.w.org\/{rel}","templated":true}]}}