{"id":12189,"date":"2020-05-15T14:39:36","date_gmt":"2020-05-15T12:39:36","guid":{"rendered":"http:\/\/slivnica.splet.arnes.si\/?p=12189"},"modified":"2020-05-17T20:32:29","modified_gmt":"2020-05-17T18:32:29","slug":"zacetek-pouk-za-ucence-1-2-in-3-razreda","status":"publish","type":"post","link":"https:\/\/www.os-slivnica.si\/?p=12189","title":{"rendered":"Za\u010detek pouk za u\u010dence 1., 2. in 3. razreda"},"content":{"rendered":"<p>Spo\u0161tovani star\u0161i in u\u010denci!<\/p>\n<p><strong>V ponedeljek, 18. 5. 2020, se pri\u010dne pouk za u\u010dence 1., 2. in 3. razreda izvajati v \u0161oli.<\/strong><\/p>\n<p>Kljub temu, da je v \u010detrtek, 14. 5. 2020, bil sprejet Odlok o preklicu epidemije nalezljive bolezni SARS-C0V-2 (COVID-19), se vsi <strong>splo\u0161ni in posebni ukrepi uporabljajo \u0161e naprej.<\/strong> \u0160ole bomo prihodnji teden pouk izvajale v skladu z vsemi\u00a0 dosedaj prejetimi usmeritvami in dolo\u010dili Ministrstva za izobra\u017eevanje, znanost in \u0161port. Okro\u017enica je <a href=\"http:\/\/slivnica.splet.arnes.si\/files\/2020\/05\/okro\u017enica-Preklic-epidemije.pdf\" target=\"_blank\">tukaj.<\/a>.<\/p>\n<p>V \u0161olo se vrnejo vsi zdravi u\u010denci. \u00a0Star\u0161i morate podati izjavo, s katero zagotavljate, da je va\u0161 otrok zdrav.<\/p>\n<p><strong>POMEMBO: U\u010denec brez podpisane izjave ne more vstopiti v \u0161olo.<\/strong><\/p>\n<p>Izjavo, ki jo\u00a0 oddate oz. po\u0161ljete v skladu z navodili, ki so vam\u00a0 jih posredovali razredniki, najdete <a href=\"http:\/\/slivnica.splet.arnes.si\/files\/2020\/05\/Izjava-sta\u0161ev_\u0161ola.pdf\" target=\"_blank\">tukaj.<\/a><\/p>\n<p>Za u\u010dence 2. in 3. razredov bomo <strong>organizirali \u0161olski prevoz<\/strong>. V skladu s priporo\u010dili je potrebno na avtobusu nositi <strong>masko.<\/strong> Masko u\u010dencu priskrbite star\u0161i. <a href=\"http:\/\/slivnica.splet.arnes.si\/files\/2020\/05\/Vozni-red-za-teden-od-18_22_5.docx\" target=\"_blank\">Vozni red za teden od 18 do 22. 5.<\/a><\/p>\n<p>Veselimo se, \u00a0da bodo ponovno va\u0161i otroci v \u0161oli.\u00a0 Na \u0161oli bomo organizriali jutranje varstvo in podalj\u0161ano bivanje, za u\u010dence, ki ste jih star\u0161i prijavili.<\/p>\n<p>V\u00a0 ponedeljek, 18. 5. 2020, u\u010denci prinesejo <strong>v \u0161olo vse \u0161olske potreb\u0161\u010dine. Te ostanejo v \u0161oli.<\/strong><\/p>\n<p>Z otrokom se pogovorite o naslednjem:<\/p>\n<ul>\n<li>U\u010denci bodo sedeli na mestih, ki jih bo dolo\u010dil u\u010ditelj.<\/li>\n<li>U\u010denci bodo v \u0161oli vzdr\u017eevali distanco. Kako in kje se bodo pogovorile z u\u010denci u\u010diteljice.<\/li>\n<li>U\u010ditelji po priporo\u010dilih NIJZ nosijo maske.<\/li>\n<\/ul>\n<p>Spo\u0161tovani star\u0161i, ob koncu obdobja pouka na daljavo se vam najlep\u0161e zahvaljujemo za va\u0161e sodelovanje in vklju\u010devanje v izobra\u017eevanje va\u0161ih otrok<\/p>\n<p>&nbsp;<\/p>\n<p>Ravnateljica Marjeta Ko\u0161ak<\/p>\n","protected":false},"excerpt":{"rendered":"<p>Spo\u0161tovani star\u0161i in u\u010denci! V ponedeljek, 18. 5. 2020, se pri\u010dne pouk za u\u010dence 1., 2. in 3. razreda izvajati v \u0161oli. Kljub temu, da je v \u010detrtek, 14. 5. 2020, bil sprejet Odlok o preklicu epidemije nalezljive bolezni SARS-C0V-2 (COVID-19), se vsi splo\u0161ni in posebni ukrepi uporabljajo \u0161e naprej. \u0160ole bomo prihodnji teden pouk [&hellip;]<\/p>\n","protected":false},"author":5705,"featured_media":0,"comment_status":"closed","ping_status":"closed","sticky":false,"template":"","format":"standard","meta":{"_et_pb_use_builder":"","_et_pb_old_content":"","_et_gb_content_width":"","ngg_post_thumbnail":0,"footnotes":"","_expiration-date-status":"","_expiration-date":0,"_expiration-date-type":"","_expiration-date-categories":[],"_expiration-date-options":[]},"categories":[9],"tags":[],"class_list":["post-12189","post","type-post","status-publish","format-standard","hentry","category-aktualno","et-doesnt-have-format-content","et_post_format-et-post-format-standard"],"_links":{"self":[{"href":"https:\/\/www.os-slivnica.si\/index.php?rest_route=\/wp\/v2\/posts\/12189","targetHints":{"allow":["GET"]}}],"collection":[{"href":"https:\/\/www.os-slivnica.si\/index.php?rest_route=\/wp\/v2\/posts"}],"about":[{"href":"https:\/\/www.os-slivnica.si\/index.php?rest_route=\/wp\/v2\/types\/post"}],"author":[{"embeddable":true,"href":"https:\/\/www.os-slivnica.si\/index.php?rest_route=\/wp\/v2\/users\/5705"}],"replies":[{"embeddable":true,"href":"https:\/\/www.os-slivnica.si\/index.php?rest_route=%2Fwp%2Fv2%2Fcomments&post=12189"}],"version-history":[{"count":12,"href":"https:\/\/www.os-slivnica.si\/index.php?rest_route=\/wp\/v2\/posts\/12189\/revisions"}],"predecessor-version":[{"id":12237,"href":"https:\/\/www.os-slivnica.si\/index.php?rest_route=\/wp\/v2\/posts\/12189\/revisions\/12237"}],"wp:attachment":[{"href":"https:\/\/www.os-slivnica.si\/index.php?rest_route=%2Fwp%2Fv2%2Fmedia&parent=12189"}],"wp:term":[{"taxonomy":"category","embeddable":true,"href":"https:\/\/www.os-slivnica.si\/index.php?rest_route=%2Fwp%2Fv2%2Fcategories&post=12189"},{"taxonomy":"post_tag","embeddable":true,"href":"https:\/\/www.os-slivnica.si\/index.php?rest_route=%2Fwp%2Fv2%2Ftags&post=12189"}],"curies":[{"name":"wp","href":"https:\/\/api.w.org\/{rel}","templated":true}]}}