{"id":12117,"date":"2020-05-11T00:03:11","date_gmt":"2020-05-10T22:03:11","guid":{"rendered":"http:\/\/slivnica.splet.arnes.si\/?p=12117"},"modified":"2020-05-11T00:35:38","modified_gmt":"2020-05-10T22:35:38","slug":"pred-zacetkom-izvajanja-pouka-v-osnovni-soli","status":"publish","type":"post","link":"https:\/\/www.os-slivnica.si\/?p=12117","title":{"rendered":"Pred za\u010detkom izvajanja pouka v osnovni \u0161oli za 1., 2. in 3. razred"},"content":{"rendered":"<p>Spo\u0161tovani star\u0161i!<\/p>\n<p>Vlada Republike Slovenije je sprejela Okvirni na\u010drt spro\u0161\u010danja omejitvenih ukrepov, s katerim se od 18. 5. 2020 dalje postopoma odpravljajo omejitve na podro\u010dju \u0161olstva in pred\u0161olske vzgoje. Na\u010drt predvideva izvajanje pouka za u\u010dence<br \/>\n1., 2. in 3. razredov v prostorih \u0161ole od 18. 5. 2020 dalje, za u\u010dence 9. razredov pa od 25. 5. 2020 dalje.<\/p>\n<p>Na\u010drt predvideva, da se v \u0161olo vrnejo vsi zdravi u\u010denci.<\/p>\n<p>Vrnitev v \u0161olo se odsvetuje:<\/p>\n<ul>\n<li>Otrokom z zdravstvenimi te\u017eavami, seznam bolezni, ki ga je pripravil Raz\u0161irjeni strokovni kolegij za pediatrijo, najdete <a href=\"http:\/\/slivnica.splet.arnes.si\/files\/2020\/05\/Opredelitev-zdravstvenih-omejitev-za-otroke.pdf\" target=\"_blank\">tukaj.<\/a><\/li>\n<li>Otrokom, ki \u017eivijo v istem gospodinjstvu, z osebami, ki imajo zdravstvene omejitve (drug otrok, mladostnik, ali odrasla oseba).<\/li>\n<\/ul>\n<p>Star\u0161i se v takem primeru posvetujte z izbranim osebnim zdravnikom.<\/p>\n<p>V tednu od 11. do 15. 5. 2020 bomo na \u0161oli pripravili vse potrebno za prihod u\u010dencev \u0161olo. Konec tedna vas bomo tudi natan\u010dno obvestili o urniku pouka, jutranjega varstva, podalj\u0161anega bivanja in prevozov. Za pripravo bomo potrebovali podatke, ki nam jih boste sporo\u010dili z izpolnitvijo ankete. Povezavo do ankete vam bodo posredovali razredniki v ponedeljek, 11. 5. 2020. Prosimo, da nam odgovorite do torka, 12. 5. 2020.<\/p>\n<p>Ravnateljica Marjeta Ko\u0161ak<\/p>\n","protected":false},"excerpt":{"rendered":"<p>Spo\u0161tovani star\u0161i! Vlada Republike Slovenije je sprejela Okvirni na\u010drt spro\u0161\u010danja omejitvenih ukrepov, s katerim se od 18. 5. 2020 dalje postopoma odpravljajo omejitve na podro\u010dju \u0161olstva in pred\u0161olske vzgoje. Na\u010drt predvideva izvajanje pouka za u\u010dence 1., 2. in 3. razredov v prostorih \u0161ole od 18. 5. 2020 dalje, za u\u010dence 9. razredov pa od 25. [&hellip;]<\/p>\n","protected":false},"author":5705,"featured_media":0,"comment_status":"closed","ping_status":"closed","sticky":false,"template":"","format":"standard","meta":{"_et_pb_use_builder":"","_et_pb_old_content":"","_et_gb_content_width":"","ngg_post_thumbnail":0,"footnotes":"","_expiration-date-status":"","_expiration-date":0,"_expiration-date-type":"","_expiration-date-categories":[],"_expiration-date-options":[]},"categories":[9],"tags":[],"class_list":["post-12117","post","type-post","status-publish","format-standard","hentry","category-aktualno","et-doesnt-have-format-content","et_post_format-et-post-format-standard"],"_links":{"self":[{"href":"https:\/\/www.os-slivnica.si\/index.php?rest_route=\/wp\/v2\/posts\/12117","targetHints":{"allow":["GET"]}}],"collection":[{"href":"https:\/\/www.os-slivnica.si\/index.php?rest_route=\/wp\/v2\/posts"}],"about":[{"href":"https:\/\/www.os-slivnica.si\/index.php?rest_route=\/wp\/v2\/types\/post"}],"author":[{"embeddable":true,"href":"https:\/\/www.os-slivnica.si\/index.php?rest_route=\/wp\/v2\/users\/5705"}],"replies":[{"embeddable":true,"href":"https:\/\/www.os-slivnica.si\/index.php?rest_route=%2Fwp%2Fv2%2Fcomments&post=12117"}],"version-history":[{"count":8,"href":"https:\/\/www.os-slivnica.si\/index.php?rest_route=\/wp\/v2\/posts\/12117\/revisions"}],"predecessor-version":[{"id":12139,"href":"https:\/\/www.os-slivnica.si\/index.php?rest_route=\/wp\/v2\/posts\/12117\/revisions\/12139"}],"wp:attachment":[{"href":"https:\/\/www.os-slivnica.si\/index.php?rest_route=%2Fwp%2Fv2%2Fmedia&parent=12117"}],"wp:term":[{"taxonomy":"category","embeddable":true,"href":"https:\/\/www.os-slivnica.si\/index.php?rest_route=%2Fwp%2Fv2%2Fcategories&post=12117"},{"taxonomy":"post_tag","embeddable":true,"href":"https:\/\/www.os-slivnica.si\/index.php?rest_route=%2Fwp%2Fv2%2Ftags&post=12117"}],"curies":[{"name":"wp","href":"https:\/\/api.w.org\/{rel}","templated":true}]}}