{"id":12039,"date":"2020-05-07T14:22:07","date_gmt":"2020-05-07T12:22:07","guid":{"rendered":"http:\/\/slivnica.splet.arnes.si\/?p=12039"},"modified":"2020-05-07T14:43:13","modified_gmt":"2020-05-07T12:43:13","slug":"seznam-delovnih-zvezkov-za-solsko-leto-20202021","status":"publish","type":"post","link":"https:\/\/www.os-slivnica.si\/?p=12039","title":{"rendered":"Seznam delovnih zvezkov za \u0161olsko leto 2020\/2021"},"content":{"rendered":"<p>Spo\u0161tovani star\u0161i!<\/p>\n<p>Pripravili smo<a href=\"http:\/\/slivnica.splet.arnes.si\/files\/2020\/05\/Seznam-delovnih-zvezkov-v-\u0161olskem-letu-2020_2021.pdf\"> seznam delovnih zvezkov <\/a>in drugih u\u010dnih gradiv, ki jih bodo u\u010denci uporabljali v \u0161olskem letu 2020\/2021.<\/p>\n<p>Po leto\u0161nji spremembi Pravilnika o upravljanju u\u010dbeni\u0161kih skladov bo <strong>\u0161ola nabavila <\/strong>delovne zvezke za bodo\u010de <strong>prvo-, drugo- in tretje\u0161olce<\/strong>. Stro\u0161ki nabave bodo pokriti iz sredstev U\u010dbeni\u0161kega sklada.<\/p>\n<p>Delovne zvezke za u\u010dence \u00a04. \u2212 9. razreda boste <strong>morali nabaviti in poravnati star\u0161i.<\/strong><\/p>\n<p>Prosimo, da pregledate seznam za razred, ki ga bo va\u0161 otrok obiskoval v naslednjem \u0161olskem letu. Svoja mnenja glede uporabe delovnih zvezkov in predvidenih stro\u0161kov za naslednje leto po\u0161ljite predstavniku razreda ali predsednici Sveta star\u0161ev (<strong><a href=\"mailto:aljapolenek@gmail.com\">aljapolenek@gmail.com<\/a>)<\/strong>\u00a0do 13. 5. 2020.<\/p>\n<p>Seznam elektronskih naslovov \u010dlanov Sveta star\u0161ev najdete v rubriki Za star\u0161e\/Svet star\u0161ev\/\u010clani sveta star\u0161ev O\u0160 Slivnica pri Celju.<\/p>\n<p>Svet star\u0161ev bo potrjeval seznam na dopisni seji.<\/p>\n<p>V naprej se vam zahvaljujemo za sodelovanje.<\/p>\n<p style=\"text-align: right\">\u00a0 \u00a0 \u00a0 \u00a0 \u00a0 \u00a0 \u00a0 \u00a0 \u00a0 \u00a0 \u00a0 \u00a0 \u00a0 \u00a0 \u00a0 \u00a0 \u00a0 \u00a0 \u00a0 \u00a0 \u00a0 \u00a0 \u00a0 \u00a0 \u00a0 \u00a0 \u00a0 \u00a0 \u00a0 \u00a0 \u00a0 \u00a0 \u00a0 \u00a0 \u00a0 \u00a0 \u00a0 \u00a0 \u00a0 \u00a0 \u00a0 \u00a0 \u00a0 \u00a0 \u00a0 \u00a0 \u00a0 \u00a0 \u00a0 \u00a0 \u00a0 \u00a0 \u00a0 \u00a0 \u00a0 \u00a0 \u00a0Skrbnica u\u010dbeni\u0161kega sklada<\/p>\n<p style=\"text-align: right\">\u00a0 \u00a0 \u00a0 \u00a0 \u00a0 \u00a0 \u00a0 \u00a0 \u00a0 \u00a0 \u00a0 \u00a0 \u00a0 \u00a0 \u00a0 \u00a0 \u00a0 \u00a0 \u00a0 \u00a0 \u00a0 \u00a0 \u00a0 \u00a0 \u00a0 \u00a0 \u00a0 \u00a0 \u00a0 \u00a0 \u00a0 \u00a0 \u00a0 \u00a0 \u00a0 \u00a0 \u00a0 \u00a0 \u00a0 \u00a0 \u00a0 \u00a0 \u00a0 \u00a0 \u00a0 \u00a0 \u00a0 \u00a0 \u00a0 \u00a0 \u00a0 \u00a0 \u00a0 \u00a0 \u00a0 \u00a0 \u00a0 \u00a0 \u00a0 \u00a0 \u00a0 \u00a0 \u00a0 \u00a0 \u00a0 \u00a0 \u00a0 \u00a0 \u00a0Jo\u017eica Vodeb<\/p>\n","protected":false},"excerpt":{"rendered":"<p>Spo\u0161tovani star\u0161i! Pripravili smo seznam delovnih zvezkov in drugih u\u010dnih gradiv, ki jih bodo u\u010denci uporabljali v \u0161olskem letu 2020\/2021. Po leto\u0161nji spremembi Pravilnika o upravljanju u\u010dbeni\u0161kih skladov bo \u0161ola nabavila delovne zvezke za bodo\u010de prvo-, drugo- in tretje\u0161olce. Stro\u0161ki nabave bodo pokriti iz sredstev U\u010dbeni\u0161kega sklada. Delovne zvezke za u\u010dence \u00a04. \u2212 9. razreda [&hellip;]<\/p>\n","protected":false},"author":4050,"featured_media":0,"comment_status":"closed","ping_status":"closed","sticky":false,"template":"","format":"standard","meta":{"_et_pb_use_builder":"","_et_pb_old_content":"","_et_gb_content_width":"","ngg_post_thumbnail":0,"footnotes":"","_expiration-date-status":"","_expiration-date":0,"_expiration-date-type":"","_expiration-date-categories":[],"_expiration-date-options":[]},"categories":[9],"tags":[],"class_list":["post-12039","post","type-post","status-publish","format-standard","hentry","category-aktualno","et-doesnt-have-format-content","et_post_format-et-post-format-standard"],"_links":{"self":[{"href":"https:\/\/www.os-slivnica.si\/index.php?rest_route=\/wp\/v2\/posts\/12039","targetHints":{"allow":["GET"]}}],"collection":[{"href":"https:\/\/www.os-slivnica.si\/index.php?rest_route=\/wp\/v2\/posts"}],"about":[{"href":"https:\/\/www.os-slivnica.si\/index.php?rest_route=\/wp\/v2\/types\/post"}],"author":[{"embeddable":true,"href":"https:\/\/www.os-slivnica.si\/index.php?rest_route=\/wp\/v2\/users\/4050"}],"replies":[{"embeddable":true,"href":"https:\/\/www.os-slivnica.si\/index.php?rest_route=%2Fwp%2Fv2%2Fcomments&post=12039"}],"version-history":[{"count":7,"href":"https:\/\/www.os-slivnica.si\/index.php?rest_route=\/wp\/v2\/posts\/12039\/revisions"}],"predecessor-version":[{"id":12073,"href":"https:\/\/www.os-slivnica.si\/index.php?rest_route=\/wp\/v2\/posts\/12039\/revisions\/12073"}],"wp:attachment":[{"href":"https:\/\/www.os-slivnica.si\/index.php?rest_route=%2Fwp%2Fv2%2Fmedia&parent=12039"}],"wp:term":[{"taxonomy":"category","embeddable":true,"href":"https:\/\/www.os-slivnica.si\/index.php?rest_route=%2Fwp%2Fv2%2Fcategories&post=12039"},{"taxonomy":"post_tag","embeddable":true,"href":"https:\/\/www.os-slivnica.si\/index.php?rest_route=%2Fwp%2Fv2%2Ftags&post=12039"}],"curies":[{"name":"wp","href":"https:\/\/api.w.org\/{rel}","templated":true}]}}