{"id":11425,"date":"2020-02-25T17:51:12","date_gmt":"2020-02-25T16:51:12","guid":{"rendered":"http:\/\/slivnica.splet.arnes.si\/?p=11425"},"modified":"2020-02-25T17:51:12","modified_gmt":"2020-02-25T16:51:12","slug":"v-gorici-bo-svetlo-zaradi-nocnih-svetilk-cetrtosolcev","status":"publish","type":"post","link":"https:\/\/www.os-slivnica.si\/?p=11425","title":{"rendered":"V Gorici bo svetlo zaradi no\u010dnih svetilk \u010detrto\u0161olcev"},"content":{"rendered":"<p>U\u010denci 4. razreda so v petek, 21. 2. 2020, na tehni\u0161kem dnevu izdelali no\u010dno lu\u010dko. Preberite, kaj so o dnevu povedali.<\/p>\n<p><strong>Lana:<\/strong> Danes mi je bilo zelo v\u0161e\u010d, ko smo delali no\u010dno lu\u010dko. Najbolj\u0161e je bilo izdelovati \u0161katlico. Ni mi bilo v\u0161e\u010d takrat, ko mi je lu\u010dka nagajala. Imela sem se super.<\/p>\n<p><strong>Taja:<\/strong> Danes mi je bilo zelo v\u0161e\u010d. Najbolj pa me je jezilo to, da se mi ni hotela pri\u017egati, a sem vseeno uspela s pomo\u010djo u\u010diteljice. Ta dan si bom zapomnila, da sem uspela narediti no\u010dno lu\u010dko.<\/p>\n<p><strong>Ur\u0161ka:<\/strong> Danes mi je bilo zelo lepo. Moja lu\u010dka mi je zelo v\u0161e\u010d. Pri delu smo se igrali in to je bilo lepo. Posedli smo se lahko, kamor smo \u017eeleli. Seveda nam je kaj nagajalo, a to ni bil problem.<\/p>\n<p><strong>Tinkara J.:<\/strong> Meni je bilo vse zelo v\u0161e\u010d. Najbolj zoprne so mi bile \u017eice, ko smo jih morali zvezati na baterijo in takrat, ko smo baterijo dajali v \u0161katlico.<\/p>\n<p><strong>Bla\u017e:<\/strong> Mene ni ni\u010d jezilo. \u010ceprav nisem imel stvari, mi je bilo zelo lepo. Dela je bilo veliko. Moja lu\u010dka ni delovala, vendar bi, \u010de bi zraven imel stvari.<\/p>\n<p><strong>Brina:<\/strong> Izdelovanje no\u010dne lu\u010dke je lahko zelo te\u017eko, a \u010de ne obupa\u0161 in sledi\u0161 navodilom, ti lahko prav lepo uspe. Moja no\u010dna lu\u010dka je delovala, a na koncu se je pokvarilo stikalo. \u010cetudi je bilo te\u017eko, mi je na koncu uspelo. Na svoje delo sem zelo ponosna, \u017eelim si le, da bi stikalo ves \u010das delovalo.<\/p>\n<p><strong>Nik K. P.:<\/strong> Te\u017eko mi je bilo delati lu\u010dko, ampak sem se zabaval s prijatelji, ko smo izdelovali lu\u010dko, in to je najbolj pomembno. Morali smo stakniti skupaj \u017eice, da je lu\u010d delala. Potem smo naredili hi\u0161ko za lu\u010d. Ko sem mislil, da je konec, smo za\u010deli okra\u0161evati.<\/p>\n<p><strong>Mateja:<\/strong> Bilo mi je v\u0161e\u010d, ko smo delali sen\u010dilo in jezilo me je, ko smo delali podstavek za no\u010dno lu\u010dko. Tega tehni\u0161kega dneva se bom spominjala. Rada imam tehni\u0161ke dni.<\/p>\n<p><strong>Tadej:<\/strong> Na dana\u0161njem dnevu smo izdelali lu\u010dko. Delali smo jo 4 ure in pol. Po te\u017ekem dnevu smo od\u0161li v OPB. U\u010diteljica nas je fotografirala in tako se je dan kon\u010dal.<\/p>\n<p><strong>Jan:<\/strong> Zelo me je jezilo to, da se mi je velikokrat \u017eica utrgala, zvila sponka, zme\u010dkal papir. Ampak mi je bilo v\u0161e\u010d, da sem na koncu uspel narediti to lu\u010dko. Pomagal sem tisti, ki so potrebovali pomo\u010d. Bil sem zelo vesel ter klepetal s prijatelji.<\/p>\n<p><strong>Zala:<\/strong> Ta dan mi bo ostal v spominu. Veliko smo se veselili, tudi jezili, ko smo delali lu\u010dke. Moja prijateljica mi je stala ob strani, tudi jaz njej.<\/p>\n<p><strong>Tian:<\/strong> No\u010dno lu\u010dko, ki smo jo izdelovali, je bilo kar te\u017eko narediti. Spoznali smo, kako se dela z elektriko in \u017eicami. Res je, da nekaterih stvari nisem znal gladko, zato so mi pomagali so\u0161olci in u\u010diteljica. Najbolj me je jezilo, ko nisem znal izdelati podstavka za lu\u010dko. Na koncu je lu\u010dka izpadla zelo dobro.<\/p>\n<p><strong>Katja:<\/strong> Najbolj v\u0161e\u010d mi je bilo, ko smo delali z elektriko in ko smo le dokon\u010dali lu\u010d in se slikali. Pa tudi takrat, ko smo morali prepogibane dele lepiti. Bilo je enkratno.<\/p>\n<p><strong>Tinkara M.: <\/strong>Dana\u0161nji dan mi je bil zelo v\u0161e\u010d. O elektriki sem se nau\u010dila nekaj novega. No\u010dna svetilka mi bo v veliko pomo\u010d in nikoli ne bom pozabila, kako sem v baterijo poskusila vtakniti \u017eice. Najbolj sem se mu\u010dila z zgornjim delom svetila in povezavo za elektriko. Imeli smo se super. Tudi \u010de nam kaj ni uspelo, nam je u\u010diteljica prisko\u010dila na pomo\u010d. Na koncu smo se z no\u010dnimi lu\u010dkami slikali.<\/p>\n<p><strong>Tea:<\/strong> Bilo mi je zelo v\u0161e\u010d. Ko mi kaj ni \u0161lo od rok, mi je pomagala moja najbolj\u0161a prijateljica Zala. Pri delu smo se veselili in tudi jezili.<\/p>\n<p><strong>An\u017ee:<\/strong> Jezilo me je, ker je bilo te\u017eko v malo \u0161katlico spraviti pokrov z lu\u010dko, \u017eice in veliko baterijo. Veliko jih je manjkalo, a je bilo vseeno zabavno.ngg_shortcode_0_placeholder<\/p>\n","protected":false},"excerpt":{"rendered":"<p>U\u010denci 4. razreda so v petek, 21. 2. 2020, na tehni\u0161kem dnevu izdelali no\u010dno lu\u010dko. Preberite, kaj so o dnevu povedali. Lana: Danes mi je bilo zelo v\u0161e\u010d, ko smo delali no\u010dno lu\u010dko. Najbolj\u0161e je bilo izdelovati \u0161katlico. Ni mi bilo v\u0161e\u010d takrat, ko mi je lu\u010dka nagajala. Imela sem se super. Taja: Danes mi [&hellip;]<\/p>\n","protected":false},"author":6074,"featured_media":0,"comment_status":"closed","ping_status":"closed","sticky":false,"template":"","format":"standard","meta":{"_et_pb_use_builder":"","_et_pb_old_content":"","_et_gb_content_width":"","ngg_post_thumbnail":0,"footnotes":"","_expiration-date-status":"","_expiration-date":0,"_expiration-date-type":"","_expiration-date-categories":[],"_expiration-date-options":[]},"categories":[9],"tags":[],"class_list":["post-11425","post","type-post","status-publish","format-standard","hentry","category-aktualno","et-doesnt-have-format-content","et_post_format-et-post-format-standard"],"_links":{"self":[{"href":"https:\/\/www.os-slivnica.si\/index.php?rest_route=\/wp\/v2\/posts\/11425","targetHints":{"allow":["GET"]}}],"collection":[{"href":"https:\/\/www.os-slivnica.si\/index.php?rest_route=\/wp\/v2\/posts"}],"about":[{"href":"https:\/\/www.os-slivnica.si\/index.php?rest_route=\/wp\/v2\/types\/post"}],"author":[{"embeddable":true,"href":"https:\/\/www.os-slivnica.si\/index.php?rest_route=\/wp\/v2\/users\/6074"}],"replies":[{"embeddable":true,"href":"https:\/\/www.os-slivnica.si\/index.php?rest_route=%2Fwp%2Fv2%2Fcomments&post=11425"}],"version-history":[{"count":1,"href":"https:\/\/www.os-slivnica.si\/index.php?rest_route=\/wp\/v2\/posts\/11425\/revisions"}],"predecessor-version":[{"id":11427,"href":"https:\/\/www.os-slivnica.si\/index.php?rest_route=\/wp\/v2\/posts\/11425\/revisions\/11427"}],"wp:attachment":[{"href":"https:\/\/www.os-slivnica.si\/index.php?rest_route=%2Fwp%2Fv2%2Fmedia&parent=11425"}],"wp:term":[{"taxonomy":"category","embeddable":true,"href":"https:\/\/www.os-slivnica.si\/index.php?rest_route=%2Fwp%2Fv2%2Fcategories&post=11425"},{"taxonomy":"post_tag","embeddable":true,"href":"https:\/\/www.os-slivnica.si\/index.php?rest_route=%2Fwp%2Fv2%2Ftags&post=11425"}],"curies":[{"name":"wp","href":"https:\/\/api.w.org\/{rel}","templated":true}]}}