{"id":11419,"date":"2020-02-24T08:17:06","date_gmt":"2020-02-24T07:17:06","guid":{"rendered":"http:\/\/slivnica.splet.arnes.si\/?p=11419"},"modified":"2020-02-24T08:17:06","modified_gmt":"2020-02-24T07:17:06","slug":"maskare-v-loki-pri-zusmu","status":"publish","type":"post","link":"https:\/\/www.os-slivnica.si\/?p=11419","title":{"rendered":"Ma\u0161kare v Loki pri \u017dusmu"},"content":{"rendered":"<p>Ker je letos tako, da smo za pusta doma, smo se v Loki odlo\u010dili, da se vseeno maskiramo malo prej. Z u\u010denci smo se v petek, 21. 2. 2020, uredili in se odpravili na rajanje po ulicah. Obiskali smo Koval in trgovino Jager. Na poti pa so nas pozdravili tudi doma\u010dini. Rajanje smo zaklju\u010dili s predstavitvijo mask in podelitvijo nagrad. Imeli smo se odli\u010dno.\u00a0ngg_shortcode_0_placeholder<\/p>\n","protected":false},"excerpt":{"rendered":"<p>Ker je letos tako, da smo za pusta doma, smo se v Loki odlo\u010dili, da se vseeno maskiramo malo prej. Z u\u010denci smo se v petek, 21. 2. 2020, uredili in se odpravili na rajanje po ulicah. Obiskali smo Koval in trgovino Jager. Na poti pa so nas pozdravili tudi doma\u010dini. Rajanje smo zaklju\u010dili s [&hellip;]<\/p>\n","protected":false},"author":6080,"featured_media":0,"comment_status":"closed","ping_status":"closed","sticky":false,"template":"","format":"standard","meta":{"_et_pb_use_builder":"","_et_pb_old_content":"","_et_gb_content_width":"","ngg_post_thumbnail":0,"footnotes":"","_expiration-date-status":"","_expiration-date":0,"_expiration-date-type":"","_expiration-date-categories":[],"_expiration-date-options":[]},"categories":[10],"tags":[],"class_list":["post-11419","post","type-post","status-publish","format-standard","hentry","category-ps-loka","et-doesnt-have-format-content","et_post_format-et-post-format-standard"],"_links":{"self":[{"href":"https:\/\/www.os-slivnica.si\/index.php?rest_route=\/wp\/v2\/posts\/11419","targetHints":{"allow":["GET"]}}],"collection":[{"href":"https:\/\/www.os-slivnica.si\/index.php?rest_route=\/wp\/v2\/posts"}],"about":[{"href":"https:\/\/www.os-slivnica.si\/index.php?rest_route=\/wp\/v2\/types\/post"}],"author":[{"embeddable":true,"href":"https:\/\/www.os-slivnica.si\/index.php?rest_route=\/wp\/v2\/users\/6080"}],"replies":[{"embeddable":true,"href":"https:\/\/www.os-slivnica.si\/index.php?rest_route=%2Fwp%2Fv2%2Fcomments&post=11419"}],"version-history":[{"count":1,"href":"https:\/\/www.os-slivnica.si\/index.php?rest_route=\/wp\/v2\/posts\/11419\/revisions"}],"predecessor-version":[{"id":11421,"href":"https:\/\/www.os-slivnica.si\/index.php?rest_route=\/wp\/v2\/posts\/11419\/revisions\/11421"}],"wp:attachment":[{"href":"https:\/\/www.os-slivnica.si\/index.php?rest_route=%2Fwp%2Fv2%2Fmedia&parent=11419"}],"wp:term":[{"taxonomy":"category","embeddable":true,"href":"https:\/\/www.os-slivnica.si\/index.php?rest_route=%2Fwp%2Fv2%2Fcategories&post=11419"},{"taxonomy":"post_tag","embeddable":true,"href":"https:\/\/www.os-slivnica.si\/index.php?rest_route=%2Fwp%2Fv2%2Ftags&post=11419"}],"curies":[{"name":"wp","href":"https:\/\/api.w.org\/{rel}","templated":true}]}}