{"id":11385,"date":"2020-02-21T18:07:04","date_gmt":"2020-02-21T17:07:04","guid":{"rendered":"http:\/\/slivnica.splet.arnes.si\/?p=11385"},"modified":"2020-02-21T18:20:48","modified_gmt":"2020-02-21T17:20:48","slug":"predpustno-rajanje-na-prevorju","status":"publish","type":"post","link":"https:\/\/www.os-slivnica.si\/?p=11385","title":{"rendered":"Predpustno rajanje na Prevorju"},"content":{"rendered":"<p style=\"text-align: center\"><img loading=\"lazy\" decoding=\"async\" class=\"responsive aligncenter\" src=\"https:\/\/cdn.clipart.email\/907eff1ded3e9515e77c0005829d24ab_pallasso-clipart-anna-alonso-picasa-web-albums-purim-_472-512.jpeg\" alt=\"PALLASSO Clipart \" width=\"241\" height=\"261\" \/><\/p>\n<p style=\"text-align: center\"><strong><span style=\"color: #339966\">TRALALA HOPSASA,<\/span><\/strong><\/p>\n<p style=\"text-align: center\"><strong><span style=\"color: #ff0000\">\u00a0 PUSTNE SMO \u0160EME,<\/span><\/strong><\/p>\n<p style=\"text-align: center\"><strong><span style=\"color: #339966\">TRALALA HOPSASA,<\/span><\/strong><\/p>\n<p style=\"text-align: center\"><span style=\"color: #ff0000\"><strong>\u00a0\u00a0\u00a0\u00a0\u00a0\u00a0\u00a0\u00a0\u00a0\u00a0\u00a0\u00a0\u00a0 NI\u010c NISMO LENE. <\/strong><span style=\"color: #000000\"><strong>(<\/strong>M. Voglar)<\/span><\/span><\/p>\n<p style=\"text-align: left\">\u010ceprav je leto\u0161nja zima zelo mila, so jo kljub temu tudi letos na Prevorju preganjale ma\u0161kare. \u010carovnice, princese, gasilec, nind\u017ea, policist in klovnesa so poskrbeli, da je bilo<strong><span style=\"color: #339966\"> nor\u010davo,<\/span> <span style=\"color: #ff0000\">glasno,<\/span> <span style=\"color: #ff9900\">pisano<\/span> <span style=\"color: #000000\">in<\/span> <span style=\"color: #333399\">razigrano.<\/span><\/strong><\/p>\n<p style=\"text-align: center\">ngg_shortcode_0_placeholder<\/p>\n","protected":false},"excerpt":{"rendered":"<p>TRALALA HOPSASA, \u00a0 PUSTNE SMO \u0160EME, TRALALA HOPSASA, \u00a0\u00a0\u00a0\u00a0\u00a0\u00a0\u00a0\u00a0\u00a0\u00a0\u00a0\u00a0\u00a0 NI\u010c NISMO LENE. (M. Voglar) \u010ceprav je leto\u0161nja zima zelo mila, so jo kljub temu tudi letos na Prevorju preganjale ma\u0161kare. \u010carovnice, princese, gasilec, nind\u017ea, policist in klovnesa so poskrbeli, da je bilo nor\u010davo, glasno, pisano in razigrano.<\/p>\n","protected":false},"author":6009,"featured_media":0,"comment_status":"closed","ping_status":"closed","sticky":false,"template":"","format":"standard","meta":{"_et_pb_use_builder":"","_et_pb_old_content":"","_et_gb_content_width":"","ngg_post_thumbnail":0,"footnotes":"","_expiration-date-status":"","_expiration-date":0,"_expiration-date-type":"","_expiration-date-categories":[],"_expiration-date-options":[]},"categories":[11],"tags":[],"class_list":["post-11385","post","type-post","status-publish","format-standard","hentry","category-ps-prevorje","et-doesnt-have-format-content","et_post_format-et-post-format-standard"],"_links":{"self":[{"href":"https:\/\/www.os-slivnica.si\/index.php?rest_route=\/wp\/v2\/posts\/11385","targetHints":{"allow":["GET"]}}],"collection":[{"href":"https:\/\/www.os-slivnica.si\/index.php?rest_route=\/wp\/v2\/posts"}],"about":[{"href":"https:\/\/www.os-slivnica.si\/index.php?rest_route=\/wp\/v2\/types\/post"}],"author":[{"embeddable":true,"href":"https:\/\/www.os-slivnica.si\/index.php?rest_route=\/wp\/v2\/users\/6009"}],"replies":[{"embeddable":true,"href":"https:\/\/www.os-slivnica.si\/index.php?rest_route=%2Fwp%2Fv2%2Fcomments&post=11385"}],"version-history":[{"count":6,"href":"https:\/\/www.os-slivnica.si\/index.php?rest_route=\/wp\/v2\/posts\/11385\/revisions"}],"predecessor-version":[{"id":11397,"href":"https:\/\/www.os-slivnica.si\/index.php?rest_route=\/wp\/v2\/posts\/11385\/revisions\/11397"}],"wp:attachment":[{"href":"https:\/\/www.os-slivnica.si\/index.php?rest_route=%2Fwp%2Fv2%2Fmedia&parent=11385"}],"wp:term":[{"taxonomy":"category","embeddable":true,"href":"https:\/\/www.os-slivnica.si\/index.php?rest_route=%2Fwp%2Fv2%2Fcategories&post=11385"},{"taxonomy":"post_tag","embeddable":true,"href":"https:\/\/www.os-slivnica.si\/index.php?rest_route=%2Fwp%2Fv2%2Ftags&post=11385"}],"curies":[{"name":"wp","href":"https:\/\/api.w.org\/{rel}","templated":true}]}}