{"id":11303,"date":"2020-02-09T21:26:47","date_gmt":"2020-02-09T20:26:47","guid":{"rendered":"http:\/\/slivnica.splet.arnes.si\/?p=11303"},"modified":"2020-02-09T21:29:19","modified_gmt":"2020-02-09T20:29:19","slug":"nujno-obvestilo-smucanje-in-pohod-na-rogli-zaradi-slabe-vremenske-napovedi-odpadeta","status":"publish","type":"post","link":"https:\/\/www.os-slivnica.si\/?p=11303","title":{"rendered":"NUJNO OBVESTILO- smu\u010danje in pohod na Rogli, zaradi slabe vremenske napovedi, odpadeta"},"content":{"rendered":"<p>Zaradi slabe vremenske napovedi, predvsem mo\u010dnega vetra, bomo \u0161portni dan iz Rogle prestavili v \u0161olsko telovadnico. U\u010denci 7., 8. in 9. razreda, ki so bili prijavljeni na pohod in smu\u010danje, bodo imeli v telovadnici \u0161portne igre. Prosim, \u010de prinesete s seboj \u0161portno opremo.<\/p>\n<p>Hvala za razumevanje.<\/p>\n","protected":false},"excerpt":{"rendered":"<p>Zaradi slabe vremenske napovedi, predvsem mo\u010dnega vetra, bomo \u0161portni dan iz Rogle prestavili v \u0161olsko telovadnico. U\u010denci 7., 8. in 9. razreda, ki so bili prijavljeni na pohod in smu\u010danje, bodo imeli v telovadnici \u0161portne igre. Prosim, \u010de prinesete s seboj \u0161portno opremo. Hvala za razumevanje.<\/p>\n","protected":false},"author":5704,"featured_media":0,"comment_status":"closed","ping_status":"closed","sticky":false,"template":"","format":"standard","meta":{"_et_pb_use_builder":"","_et_pb_old_content":"","_et_gb_content_width":"","ngg_post_thumbnail":0,"footnotes":"","_expiration-date-status":"","_expiration-date":0,"_expiration-date-type":"","_expiration-date-categories":[],"_expiration-date-options":[]},"categories":[9],"tags":[],"class_list":["post-11303","post","type-post","status-publish","format-standard","hentry","category-aktualno","et-doesnt-have-format-content","et_post_format-et-post-format-standard"],"_links":{"self":[{"href":"https:\/\/www.os-slivnica.si\/index.php?rest_route=\/wp\/v2\/posts\/11303","targetHints":{"allow":["GET"]}}],"collection":[{"href":"https:\/\/www.os-slivnica.si\/index.php?rest_route=\/wp\/v2\/posts"}],"about":[{"href":"https:\/\/www.os-slivnica.si\/index.php?rest_route=\/wp\/v2\/types\/post"}],"author":[{"embeddable":true,"href":"https:\/\/www.os-slivnica.si\/index.php?rest_route=\/wp\/v2\/users\/5704"}],"replies":[{"embeddable":true,"href":"https:\/\/www.os-slivnica.si\/index.php?rest_route=%2Fwp%2Fv2%2Fcomments&post=11303"}],"version-history":[{"count":2,"href":"https:\/\/www.os-slivnica.si\/index.php?rest_route=\/wp\/v2\/posts\/11303\/revisions"}],"predecessor-version":[{"id":11307,"href":"https:\/\/www.os-slivnica.si\/index.php?rest_route=\/wp\/v2\/posts\/11303\/revisions\/11307"}],"wp:attachment":[{"href":"https:\/\/www.os-slivnica.si\/index.php?rest_route=%2Fwp%2Fv2%2Fmedia&parent=11303"}],"wp:term":[{"taxonomy":"category","embeddable":true,"href":"https:\/\/www.os-slivnica.si\/index.php?rest_route=%2Fwp%2Fv2%2Fcategories&post=11303"},{"taxonomy":"post_tag","embeddable":true,"href":"https:\/\/www.os-slivnica.si\/index.php?rest_route=%2Fwp%2Fv2%2Ftags&post=11303"}],"curies":[{"name":"wp","href":"https:\/\/api.w.org\/{rel}","templated":true}]}}