{"id":11297,"date":"2020-02-08T09:03:53","date_gmt":"2020-02-08T08:03:53","guid":{"rendered":"http:\/\/slivnica.splet.arnes.si\/?p=11297"},"modified":"2020-02-08T09:03:53","modified_gmt":"2020-02-08T08:03:53","slug":"sprejem-pohodnikov-po-poteh-xiv-divizije","status":"publish","type":"post","link":"https:\/\/www.os-slivnica.si\/?p=11297","title":{"rendered":"Sprejem pohodnikov po poteh XIV. divizije"},"content":{"rendered":"<p style=\"text-align: center\"><img loading=\"lazy\" decoding=\"async\" class=\"attachment-large \" title=\"World War 1 Unit - ~Joy in the Journey~\n\" src=\"http:\/\/content.mycutegraphics.com\/graphics\/veteran\/soldier-saluting.png\" alt=\"World War 1 Unit - ~Joy in the Journey~\n\" width=\"116\" height=\"219\" \/><\/p>\n<p style=\"text-align: center\"><span style=\"color: #333333\"><em>Vsak ve\u010der na stra\u017eo,<\/em><\/span><\/p>\n<p style=\"text-align: center\"><span style=\"color: #333333\"><em>pride mlad vojak,<\/em><\/span><\/p>\n<p style=\"text-align: center\"><span style=\"color: #333333\"><em>vsak ve\u010der ga vidim,<\/em><\/span><\/p>\n<p style=\"text-align: center\"><span style=\"color: #333333\"><em>sli\u0161im mlad korak.<\/em><\/span><\/p>\n<p style=\"text-align: center\"><span style=\"color: #333333\"><em>Stra\u017ei na\u0161a polja,<\/em><\/span><\/p>\n<p style=\"text-align: center\"><span style=\"color: #333333\"><em>stra\u017ei to dolino,<\/em><\/span><\/p>\n<p style=\"text-align: center\"><span style=\"color: #333333\"><em>reke in mostove,<\/em> <\/span><\/p>\n<p style=\"text-align: center\"><strong>\u00a0\u00a0\u00a0\u00a0\u00a0\u00a0\u00a0\u00a0\u00a0\u00a0<em> MOJO DOMOVINO<\/em><\/strong><em>.<\/em> <em>(M. Bati\u010d)<\/em><\/p>\n<p>Na <strong>ohranjanje spomina partizanskih pesmi,<\/strong> poskrbimo vsako leto na Prevorju. Tako smo tudi letos, <strong>dan pred slovenskim kulturnim praznikom,<\/strong> pozdravili <strong>pohodnike po poteh XIV. divizije<\/strong> s kraj\u0161im programom. Pohodniki pa so z nami z veseljem zapeli in zaplesali.<\/p>\nngg_shortcode_0_placeholder\n<p>&nbsp;<\/p>\n<p>&nbsp;<\/p>\n<p>&nbsp;<\/p>\n","protected":false},"excerpt":{"rendered":"<p>Vsak ve\u010der na stra\u017eo, pride mlad vojak, vsak ve\u010der ga vidim, sli\u0161im mlad korak. Stra\u017ei na\u0161a polja, stra\u017ei to dolino, reke in mostove, \u00a0\u00a0\u00a0\u00a0\u00a0\u00a0\u00a0\u00a0\u00a0\u00a0 MOJO DOMOVINO. (M. Bati\u010d) Na ohranjanje spomina partizanskih pesmi, poskrbimo vsako leto na Prevorju. Tako smo tudi letos, dan pred slovenskim kulturnim praznikom, pozdravili pohodnike po poteh XIV. divizije s kraj\u0161im [&hellip;]<\/p>\n","protected":false},"author":6009,"featured_media":0,"comment_status":"closed","ping_status":"closed","sticky":false,"template":"","format":"standard","meta":{"_et_pb_use_builder":"","_et_pb_old_content":"","_et_gb_content_width":"","ngg_post_thumbnail":0,"footnotes":"","_expiration-date-status":"","_expiration-date":0,"_expiration-date-type":"","_expiration-date-categories":[],"_expiration-date-options":[]},"categories":[11],"tags":[],"class_list":["post-11297","post","type-post","status-publish","format-standard","hentry","category-ps-prevorje","et-doesnt-have-format-content","et_post_format-et-post-format-standard"],"_links":{"self":[{"href":"https:\/\/www.os-slivnica.si\/index.php?rest_route=\/wp\/v2\/posts\/11297","targetHints":{"allow":["GET"]}}],"collection":[{"href":"https:\/\/www.os-slivnica.si\/index.php?rest_route=\/wp\/v2\/posts"}],"about":[{"href":"https:\/\/www.os-slivnica.si\/index.php?rest_route=\/wp\/v2\/types\/post"}],"author":[{"embeddable":true,"href":"https:\/\/www.os-slivnica.si\/index.php?rest_route=\/wp\/v2\/users\/6009"}],"replies":[{"embeddable":true,"href":"https:\/\/www.os-slivnica.si\/index.php?rest_route=%2Fwp%2Fv2%2Fcomments&post=11297"}],"version-history":[{"count":1,"href":"https:\/\/www.os-slivnica.si\/index.php?rest_route=\/wp\/v2\/posts\/11297\/revisions"}],"predecessor-version":[{"id":11299,"href":"https:\/\/www.os-slivnica.si\/index.php?rest_route=\/wp\/v2\/posts\/11297\/revisions\/11299"}],"wp:attachment":[{"href":"https:\/\/www.os-slivnica.si\/index.php?rest_route=%2Fwp%2Fv2%2Fmedia&parent=11297"}],"wp:term":[{"taxonomy":"category","embeddable":true,"href":"https:\/\/www.os-slivnica.si\/index.php?rest_route=%2Fwp%2Fv2%2Fcategories&post=11297"},{"taxonomy":"post_tag","embeddable":true,"href":"https:\/\/www.os-slivnica.si\/index.php?rest_route=%2Fwp%2Fv2%2Ftags&post=11297"}],"curies":[{"name":"wp","href":"https:\/\/api.w.org\/{rel}","templated":true}]}}