{"id":11261,"date":"2020-02-07T14:00:14","date_gmt":"2020-02-07T13:00:14","guid":{"rendered":"http:\/\/slivnica.splet.arnes.si\/?p=11261"},"modified":"2020-02-07T14:09:21","modified_gmt":"2020-02-07T13:09:21","slug":"proslava-pred-kulturnim-praznikom-v-loki","status":"publish","type":"post","link":"https:\/\/www.os-slivnica.si\/?p=11261","title":{"rendered":"Proslava pred kulturnim praznikom v Loki"},"content":{"rendered":"<p style=\"text-align: left\"><a href=\"http:\/\/slivnica.splet.arnes.si\/files\/2020\/02\/IMG_6232.jpg\"><img loading=\"lazy\" decoding=\"async\" class=\"alignnone wp-image-11267 size-medium\" src=\"http:\/\/slivnica.splet.arnes.si\/files\/2020\/02\/IMG_6232-e1581080879336-225x300.jpg\" alt=\"\" width=\"225\" height=\"300\" srcset=\"https:\/\/www.os-slivnica.si\/files\/2020\/02\/IMG_6232-e1581080879336-225x300.jpg 225w, https:\/\/www.os-slivnica.si\/files\/2020\/02\/IMG_6232-e1581080879336-768x1024.jpg 768w, https:\/\/www.os-slivnica.si\/files\/2020\/02\/IMG_6232-e1581080879336-1080x1440.jpg 1080w\" sizes=\"(max-width: 225px) 100vw, 225px\" \/><\/a> <a href=\"http:\/\/slivnica.splet.arnes.si\/files\/2020\/02\/IMG_6231.jpg\"><img loading=\"lazy\" decoding=\"async\" class=\"alignnone wp-image-11265 size-medium\" src=\"http:\/\/slivnica.splet.arnes.si\/files\/2020\/02\/IMG_6231-e1581080931930-225x300.jpg\" alt=\"\" width=\"225\" height=\"300\" srcset=\"https:\/\/www.os-slivnica.si\/files\/2020\/02\/IMG_6231-e1581080931930-225x300.jpg 225w, https:\/\/www.os-slivnica.si\/files\/2020\/02\/IMG_6231-e1581080931930-768x1024.jpg 768w, https:\/\/www.os-slivnica.si\/files\/2020\/02\/IMG_6231-e1581080931930-1080x1440.jpg 1080w\" sizes=\"(max-width: 225px) 100vw, 225px\" \/><\/a> <a href=\"http:\/\/slivnica.splet.arnes.si\/files\/2020\/02\/IMG_6230-e1581080484805.jpg\"><img loading=\"lazy\" decoding=\"async\" class=\"alignnone size-medium wp-image-11263\" src=\"http:\/\/slivnica.splet.arnes.si\/files\/2020\/02\/IMG_6230-e1581080484805-225x300.jpg\" alt=\"\" width=\"225\" height=\"300\" srcset=\"https:\/\/www.os-slivnica.si\/files\/2020\/02\/IMG_6230-e1581080484805-225x300.jpg 225w, https:\/\/www.os-slivnica.si\/files\/2020\/02\/IMG_6230-e1581080484805-768x1024.jpg 768w, https:\/\/www.os-slivnica.si\/files\/2020\/02\/IMG_6230-e1581080484805-1080x1440.jpg 1080w\" sizes=\"(max-width: 225px) 100vw, 225px\" \/><\/a><\/p>\n<p style=\"text-align: left\">V petek, 7. 2. 2020, smo z u\u010denci na podru\u017eni\u010dni \u0161oli Loka pri \u017dusmu, pripravili kratek kulturni program. Osve\u017eili smo spomin na na\u0161ega najve\u010djega pesnika Franceta Pre\u0161erna. Poslu\u0161ali smo himno, deklamirali pesmi in priredili kratek ske\u010d.\u00a0ngg_shortcode_0_placeholder<\/p>\n","protected":false},"excerpt":{"rendered":"<p>V petek, 7. 2. 2020, smo z u\u010denci na podru\u017eni\u010dni \u0161oli Loka pri \u017dusmu, pripravili kratek kulturni program. Osve\u017eili smo spomin na na\u0161ega najve\u010djega pesnika Franceta Pre\u0161erna. Poslu\u0161ali smo himno, deklamirali pesmi in priredili kratek ske\u010d.\u00a0<\/p>\n","protected":false},"author":6080,"featured_media":0,"comment_status":"closed","ping_status":"closed","sticky":false,"template":"","format":"standard","meta":{"_et_pb_use_builder":"off","_et_pb_old_content":"<p><strong>KAM?\u00a0 \u00a0 \u00a0 \u00a0 \u00a0 \u00a0 \u00a0 \u00a0 \u00a0 \u00a0 \u00a0 \u00a0 \u00a0 \u00a0 \u00a0 \u00a0 \u00a0 \u00a0 \u00a0 \u00a0 \u00a0 \u00a0 \u00a0 \u00a0 \u00a0 \u00a0 \u00a0 \u00a0 \u00a0 \u00a0 \u00a0 \u00a0 \u00a0 \u00a0 \u00a0 \u00a0 \u00a0 \u00a0<\/strong><\/p><p><strong><span>Ko brez miru okrog divjam,\u00a0\u00a0\u00a0\u00a0\u00a0\u00a0\u00a0\u00a0\u00a0\u00a0\u00a0 <\/span><\/strong><br \/> <strong><span>prijatlji pra\u0161ajo me, kam?<\/span><\/strong><\/p><p><strong><span>Pra\u0161\u00e1jte raj' oblak neb\u00e1,<\/span><\/strong><br \/> <strong><span>pra\u0161\u00e1jte raji val morj\u00e1,<\/span><\/strong><\/p><p><strong><span>kadar mogo\u010dni gospodar<\/span><\/strong><br \/> <strong><span>drvi jih semtertje vihar.<\/span><\/strong><\/p><p><strong>Oblak ne ve, in val ne kam, -<\/strong><br \/> <strong><span>kam nese me obup, ne znam.<\/span><\/strong><\/p><p><strong><span>Samo to znam, samo to vem,<\/span><\/strong><br \/> <strong><span>de pred obli\u010dje nje ne smem,<\/span><\/strong><\/p><p><strong><span>in de ni mesta vrh zemlj\u00e9,<\/span><\/strong><br \/> <strong><span>kjer bi pozabil to gorje!<\/span><\/strong><\/p><p>\u00a0<\/p><p>V petek, 7. 2. 2020, so u\u010denci na podru\u017eni\u010dni \u0161oli Loka pri \u017dusmu, pripravili kratek kulturni program. Osve\u017eili smo spomin na na\u0161ega najve\u010djega pesnika Franceta Pre\u0161erna. Poslu\u0161ali smo himno, deklamirali njegove pesmi in priredili kratek ske\u010d.\u00a0[nggallery id=1401]<\/p>","_et_gb_content_width":"","ngg_post_thumbnail":0,"footnotes":"","_expiration-date-status":"","_expiration-date":0,"_expiration-date-type":"","_expiration-date-categories":[],"_expiration-date-options":[]},"categories":[9,10],"tags":[],"class_list":["post-11261","post","type-post","status-publish","format-standard","hentry","category-aktualno","category-ps-loka","et-doesnt-have-format-content","et_post_format-et-post-format-standard"],"_links":{"self":[{"href":"https:\/\/www.os-slivnica.si\/index.php?rest_route=\/wp\/v2\/posts\/11261","targetHints":{"allow":["GET"]}}],"collection":[{"href":"https:\/\/www.os-slivnica.si\/index.php?rest_route=\/wp\/v2\/posts"}],"about":[{"href":"https:\/\/www.os-slivnica.si\/index.php?rest_route=\/wp\/v2\/types\/post"}],"author":[{"embeddable":true,"href":"https:\/\/www.os-slivnica.si\/index.php?rest_route=\/wp\/v2\/users\/6080"}],"replies":[{"embeddable":true,"href":"https:\/\/www.os-slivnica.si\/index.php?rest_route=%2Fwp%2Fv2%2Fcomments&post=11261"}],"version-history":[{"count":5,"href":"https:\/\/www.os-slivnica.si\/index.php?rest_route=\/wp\/v2\/posts\/11261\/revisions"}],"predecessor-version":[{"id":11275,"href":"https:\/\/www.os-slivnica.si\/index.php?rest_route=\/wp\/v2\/posts\/11261\/revisions\/11275"}],"wp:attachment":[{"href":"https:\/\/www.os-slivnica.si\/index.php?rest_route=%2Fwp%2Fv2%2Fmedia&parent=11261"}],"wp:term":[{"taxonomy":"category","embeddable":true,"href":"https:\/\/www.os-slivnica.si\/index.php?rest_route=%2Fwp%2Fv2%2Fcategories&post=11261"},{"taxonomy":"post_tag","embeddable":true,"href":"https:\/\/www.os-slivnica.si\/index.php?rest_route=%2Fwp%2Fv2%2Ftags&post=11261"}],"curies":[{"name":"wp","href":"https:\/\/api.w.org\/{rel}","templated":true}]}}