{"id":11243,"date":"2020-02-07T08:03:14","date_gmt":"2020-02-07T07:03:14","guid":{"rendered":"http:\/\/slivnica.splet.arnes.si\/?p=11243"},"modified":"2020-02-07T08:04:41","modified_gmt":"2020-02-07T07:04:41","slug":"proslava-pred-slovenskim-kulturnim-praznikom-na-prevorju","status":"publish","type":"post","link":"https:\/\/www.os-slivnica.si\/?p=11243","title":{"rendered":"Proslava pred slovenskim kulturnim praznikom na Prevorju"},"content":{"rendered":"<p style=\"text-align: center\"><img loading=\"lazy\" decoding=\"async\" class=\"n3VNCb aligncenter\" src=\"https:\/\/likeout.net\/wp-content\/uploads\/2017\/02\/france-pre%C5%A1eren-e1486482136296.jpg\" alt=\"Rezultat iskanja slik za france pre\u0161eren\" width=\"191\" height=\"174\" \/><span style=\"color: #999999\"><strong><em>Stoji, stoji tam lipica,<\/em><\/strong><\/span><br \/>\n<span style=\"color: #808080\"><strong><em> pod lipo hladna sen\u010dica,<\/em><\/strong><\/span><br \/>\n<span style=\"color: #999999\"><strong><em> pod lipo miza kamnata,<\/em><\/strong><\/span><br \/>\n<span style=\"color: #808080\"><strong><em> pod \u0161tiri vogle rezana.<\/em><\/strong><\/span><br \/>\n<span style=\"color: #999999\"><strong><em> Stolov dvanajst okrog stoji,<\/em><\/strong><\/span><br \/>\n<span style=\"color: #808080\"><strong><em> na njih sede fantje mladi.<\/em><\/strong><\/span><br \/>\n<span style=\"color: #999999\"><strong><em> In prileti tja pti\u010dica,<\/em><\/strong><\/span><br \/>\n<span style=\"color: #808080\"><strong><em> predrobna tica \u0161\u010dinkovka.<\/em><\/strong><\/span><br \/>\n<span style=\"color: #999999\"><strong><em> usede se na lipico,<\/em><\/strong><\/span><br \/>\n<strong><span style=\"color: #999999\"><em>\u00a0\u00a0\u00a0\u00a0\u00a0\u00a0\u00a0\u00a0\u00a0\u00a0\u00a0\u00a0\u00a0 <span style=\"color: #808080\">zapoje lepo pesmico.<\/span><\/em> <em>(<\/em><\/span><\/strong><span style=\"color: #999999\"><em>F. Pre\u0161eren)<\/em><\/span><\/p>\n<p style=\"text-align: left\"><span style=\"color: #000000\">S pesmijo, recitacijami, glasbo in plesom smo po\u010dastili spomin na na\u0161ega <strong>najve\u010djega slovenskega pesnika<\/strong>, <strong>Franceta Pre\u0161erna.<\/strong><\/span><\/p>\n<p style=\"text-align: left\">ngg_shortcode_0_placeholder<\/p>\n","protected":false},"excerpt":{"rendered":"<p>Stoji, stoji tam lipica, pod lipo hladna sen\u010dica, pod lipo miza kamnata, pod \u0161tiri vogle rezana. Stolov dvanajst okrog stoji, na njih sede fantje mladi. In prileti tja pti\u010dica, predrobna tica \u0161\u010dinkovka. usede se na lipico, \u00a0\u00a0\u00a0\u00a0\u00a0\u00a0\u00a0\u00a0\u00a0\u00a0\u00a0\u00a0\u00a0 zapoje lepo pesmico. (F. Pre\u0161eren) S pesmijo, recitacijami, glasbo in plesom smo po\u010dastili spomin na na\u0161ega najve\u010djega slovenskega [&hellip;]<\/p>\n","protected":false},"author":6009,"featured_media":0,"comment_status":"closed","ping_status":"closed","sticky":false,"template":"","format":"standard","meta":{"_et_pb_use_builder":"","_et_pb_old_content":"","_et_gb_content_width":"","ngg_post_thumbnail":0,"footnotes":"","_expiration-date-status":"","_expiration-date":0,"_expiration-date-type":"","_expiration-date-categories":[],"_expiration-date-options":[]},"categories":[11],"tags":[],"class_list":["post-11243","post","type-post","status-publish","format-standard","hentry","category-ps-prevorje","et-doesnt-have-format-content","et_post_format-et-post-format-standard"],"_links":{"self":[{"href":"https:\/\/www.os-slivnica.si\/index.php?rest_route=\/wp\/v2\/posts\/11243","targetHints":{"allow":["GET"]}}],"collection":[{"href":"https:\/\/www.os-slivnica.si\/index.php?rest_route=\/wp\/v2\/posts"}],"about":[{"href":"https:\/\/www.os-slivnica.si\/index.php?rest_route=\/wp\/v2\/types\/post"}],"author":[{"embeddable":true,"href":"https:\/\/www.os-slivnica.si\/index.php?rest_route=\/wp\/v2\/users\/6009"}],"replies":[{"embeddable":true,"href":"https:\/\/www.os-slivnica.si\/index.php?rest_route=%2Fwp%2Fv2%2Fcomments&post=11243"}],"version-history":[{"count":2,"href":"https:\/\/www.os-slivnica.si\/index.php?rest_route=\/wp\/v2\/posts\/11243\/revisions"}],"predecessor-version":[{"id":11247,"href":"https:\/\/www.os-slivnica.si\/index.php?rest_route=\/wp\/v2\/posts\/11243\/revisions\/11247"}],"wp:attachment":[{"href":"https:\/\/www.os-slivnica.si\/index.php?rest_route=%2Fwp%2Fv2%2Fmedia&parent=11243"}],"wp:term":[{"taxonomy":"category","embeddable":true,"href":"https:\/\/www.os-slivnica.si\/index.php?rest_route=%2Fwp%2Fv2%2Fcategories&post=11243"},{"taxonomy":"post_tag","embeddable":true,"href":"https:\/\/www.os-slivnica.si\/index.php?rest_route=%2Fwp%2Fv2%2Ftags&post=11243"}],"curies":[{"name":"wp","href":"https:\/\/api.w.org\/{rel}","templated":true}]}}