{"id":11085,"date":"2019-12-24T12:30:47","date_gmt":"2019-12-24T11:30:47","guid":{"rendered":"http:\/\/slivnica.splet.arnes.si\/?p=11085"},"modified":"2019-12-24T12:47:29","modified_gmt":"2019-12-24T11:47:29","slug":"11085","status":"publish","type":"post","link":"https:\/\/www.os-slivnica.si\/?p=11085","title":{"rendered":"Prireditev pred bo\u017ei\u010dno novoletnimi prazniki v P\u0160 Loka"},"content":{"rendered":"<p style=\"text-align: left\">23. decembra smo imeli kratko prireditev, na kateri smo obele\u017eili dan samostojnosti ter bo\u017ei\u010d in novo leto 2020.<\/p>\n<p style=\"text-align: left\">Peto\u0161olca \u017dana in Tadej sta vodila program, ki je potekal v pravem prazni\u010dnem vzdu\u0161ju. U\u010denci so se predstavili z deklamacijami o snegu, sankah, dedku Mrazu, vo\u0161\u010dilnicah&#8230; z igrico Prvi sneg ter pesmimi o bo\u017ei\u010du in novem letu.. Na koncu so tudi spretno zaplesali.<\/p>\n<p style=\"text-align: left\">Za\u017eeleli smo si vesele praznike ter sre\u010dno, zdravo in uspe\u0161no novo leto 2020.<\/p>\n<p style=\"text-align: left\">ngg_shortcode_0_placeholder<\/p>\n<p>&nbsp;<\/p>\n<p>&nbsp;<\/p>\n<p>&nbsp;<\/p>\n","protected":false},"excerpt":{"rendered":"<p>23. decembra smo imeli kratko prireditev, na kateri smo obele\u017eili dan samostojnosti ter bo\u017ei\u010d in novo leto 2020. Peto\u0161olca \u017dana in Tadej sta vodila program, ki je potekal v pravem prazni\u010dnem vzdu\u0161ju. U\u010denci so se predstavili z deklamacijami o snegu, sankah, dedku Mrazu, vo\u0161\u010dilnicah&#8230; z igrico Prvi sneg ter pesmimi o bo\u017ei\u010du in novem letu.. [&hellip;]<\/p>\n","protected":false},"author":6597,"featured_media":0,"comment_status":"closed","ping_status":"closed","sticky":false,"template":"","format":"standard","meta":{"_et_pb_use_builder":"","_et_pb_old_content":"","_et_gb_content_width":"","ngg_post_thumbnail":0,"footnotes":"","_expiration-date-status":"","_expiration-date":0,"_expiration-date-type":"","_expiration-date-categories":[],"_expiration-date-options":[]},"categories":[9,10],"tags":[],"class_list":["post-11085","post","type-post","status-publish","format-standard","hentry","category-aktualno","category-ps-loka","et-doesnt-have-format-content","et_post_format-et-post-format-standard"],"_links":{"self":[{"href":"https:\/\/www.os-slivnica.si\/index.php?rest_route=\/wp\/v2\/posts\/11085","targetHints":{"allow":["GET"]}}],"collection":[{"href":"https:\/\/www.os-slivnica.si\/index.php?rest_route=\/wp\/v2\/posts"}],"about":[{"href":"https:\/\/www.os-slivnica.si\/index.php?rest_route=\/wp\/v2\/types\/post"}],"author":[{"embeddable":true,"href":"https:\/\/www.os-slivnica.si\/index.php?rest_route=\/wp\/v2\/users\/6597"}],"replies":[{"embeddable":true,"href":"https:\/\/www.os-slivnica.si\/index.php?rest_route=%2Fwp%2Fv2%2Fcomments&post=11085"}],"version-history":[{"count":6,"href":"https:\/\/www.os-slivnica.si\/index.php?rest_route=\/wp\/v2\/posts\/11085\/revisions"}],"predecessor-version":[{"id":11089,"href":"https:\/\/www.os-slivnica.si\/index.php?rest_route=\/wp\/v2\/posts\/11085\/revisions\/11089"}],"wp:attachment":[{"href":"https:\/\/www.os-slivnica.si\/index.php?rest_route=%2Fwp%2Fv2%2Fmedia&parent=11085"}],"wp:term":[{"taxonomy":"category","embeddable":true,"href":"https:\/\/www.os-slivnica.si\/index.php?rest_route=%2Fwp%2Fv2%2Fcategories&post=11085"},{"taxonomy":"post_tag","embeddable":true,"href":"https:\/\/www.os-slivnica.si\/index.php?rest_route=%2Fwp%2Fv2%2Ftags&post=11085"}],"curies":[{"name":"wp","href":"https:\/\/api.w.org\/{rel}","templated":true}]}}